{"id":11841,"date":"2024-03-05T11:26:48","date_gmt":"2024-03-05T11:26:48","guid":{"rendered":"https:\/\/willizblog.de\/?p=11841"},"modified":"2024-03-05T11:26:48","modified_gmt":"2024-03-05T11:26:48","slug":"haltung-fuer-vielfalt-und-toleranz-gesetzt","status":"publish","type":"post","link":"https:\/\/willizblog.de\/?p=11841","title":{"rendered":"Haltung f\u00fcr Vielfalt und Toleranz gesetzt"},"content":{"rendered":"<p>Am Sonntag, den 25.02.2024, zeigten etwa 1000 B\u00fcrgerinnen und B\u00fcrger aus Tostedt und dem Umland Haltung gegen Rechtsextremismus, braunes Gedankengut und Entmenschlichung. Bei der Kundgebung wurde anl\u00e4sslich des zwei Jahre w\u00e4hrenden russischen Angriffskrieges auf die Ukraine auch der Opfer, der verschleppten Kinder und all derer, die in Angst um ihre Lieben leben in einer Schweigeminute gedacht.<\/p>\n<p><img src=\"https:\/\/www.willizblog.de\/pics\/demo_tostedt_2024_01.jpg\" alt=\"Demokratie ist Handarbeit: OMAS GEGEN RECHTS \u00a9 willizblog.de\" title=\"Demokratie ist Handarbeit: OMAS GEGEN RECHTS \u00a9 willizblog.de\" \/><br \/>\nDemokratie ist Handarbeit: OMAS GEGEN RECHTS \u00a9 willizblog.de<\/p>\n<p>Als Gro\u00dfvater war die Anwesenheit vieler <a href=\"https:\/\/www.omasgegenrechts.de\/\" rel=\"noopener\" target=\"_blank\">\u201aOmas gegen rechts\u2018<\/a> &#8211; Opas, Kinder, Enkel, Freundinnen und Freunde eingeschlossen \u2013 nat\u00fcrlich besonders erfreulich. Es geht um die Zukunft unserer Kinder und Kindeskinder. Diese sollen in einer weltoffenen Gesellschaft aufwachsen und leben k\u00f6nnen. <\/p>\n<p><img src=\"https:\/\/www.willizblog.de\/pics\/demo_tostedt_2024_02.jpg\" alt=\"\u00a9 Kreiszeitung Nordheide Wochenblatt (Bianca Marquardt)\" title=\"\u00a9 Kreiszeitung Nordheide Wochenblatt (Bianca Marquardt)\" \/><br \/>\n\u00a9 Kreiszeitung Nordheide Wochenblatt (Bianca Marquardt)<\/p>\n<p>Ein ausf\u00fchrlicher Bericht von dieser Kundgebung in Tostedt ist in der <a href=\"https:\/\/www.kreiszeitung-wochenblatt.de\/tostedt\/c-politik\/starkes-zeichen-fuer-demokratie-toleranz-und-vielfalt_a310858\" rel=\"noopener\" target=\"_blank\">Kreiszeitung Nordheide Wochenblatt<\/a> nachzulesen.<\/p>\n<p><img src=\"https:\/\/www.willizblog.de\/pics\/demo_tostedt_2024_03.jpg\" alt=\"Demo in Tostedt f\u00fcr Demokratie und Menschenrechte \u00a9 willizblog.de\" title=\"Demo in Tostedt f\u00fcr Demokratie und Menschenrechte \u00a9 willizblog.de\" \/><br \/>\nDemo in Tostedt f\u00fcr Demokratie und Menschenrechte \u00a9 willizblog.de<\/p>\n<p>Die Kundgebung sollte ein Auftakt sein, um f\u00fcr Tostedt ein B\u00fcndnis f\u00fcr Demokratie zu etablieren. (Infos per E-Mail an: kundgebung.tostedt@web.de). Christina M\u00f6llmann, die Moderatorin der Veranstaltung, schloss mit den Worten: <strong>&#8222;Bewahren Sie Haltung &#8211; immer und \u00fcberall.&#8220;<\/strong><\/p>\n","protected":false},"excerpt":{"rendered":"<p>Am Sonntag, den 25.02.2024, zeigten etwa 1000 B\u00fcrgerinnen und B\u00fcrger aus Tostedt und dem Umland Haltung gegen Rechtsextremismus, braunes Gedankengut und Entmenschlichung. Bei der Kundgebung wurde anl\u00e4sslich des zwei Jahre w\u00e4hrenden russischen Angriffskrieges auf die Ukraine auch der Opfer, der verschleppten Kinder und all derer, die in Angst um ihre Lieben leben in einer Schweigeminute &hellip; <a href=\"https:\/\/willizblog.de\/?p=11841\" class=\"more-link\"><span class=\"screen-reader-text\">Haltung f\u00fcr Vielfalt und Toleranz gesetzt<\/span> weiterlesen <span class=\"meta-nav\">&rarr;<\/span><\/a><\/p>\n","protected":false},"author":1,"featured_media":0,"comment_status":"open","ping_status":"open","sticky":false,"template":"","format":"standard","meta":[],"categories":[11,2],"tags":[],"_links":{"self":[{"href":"https:\/\/willizblog.de\/index.php?rest_route=\/wp\/v2\/posts\/11841"}],"collection":[{"href":"https:\/\/willizblog.de\/index.php?rest_route=\/wp\/v2\/posts"}],"about":[{"href":"https:\/\/willizblog.de\/index.php?rest_route=\/wp\/v2\/types\/post"}],"author":[{"embeddable":true,"href":"https:\/\/willizblog.de\/index.php?rest_route=\/wp\/v2\/users\/1"}],"replies":[{"embeddable":true,"href":"https:\/\/willizblog.de\/index.php?rest_route=%2Fwp%2Fv2%2Fcomments&post=11841"}],"version-history":[{"count":1,"href":"https:\/\/willizblog.de\/index.php?rest_route=\/wp\/v2\/posts\/11841\/revisions"}],"predecessor-version":[{"id":11842,"href":"https:\/\/willizblog.de\/index.php?rest_route=\/wp\/v2\/posts\/11841\/revisions\/11842"}],"wp:attachment":[{"href":"https:\/\/willizblog.de\/index.php?rest_route=%2Fwp%2Fv2%2Fmedia&parent=11841"}],"wp:term":[{"taxonomy":"category","embeddable":true,"href":"https:\/\/willizblog.de\/index.php?rest_route=%2Fwp%2Fv2%2Fcategories&post=11841"},{"taxonomy":"post_tag","embeddable":true,"href":"https:\/\/willizblog.de\/index.php?rest_route=%2Fwp%2Fv2%2Ftags&post=11841"}],"curies":[{"name":"wp","href":"https:\/\/api.w.org\/{rel}","templated":true}]}}