{"id":11856,"date":"2024-03-26T14:34:17","date_gmt":"2024-03-26T14:34:17","guid":{"rendered":"https:\/\/willizblog.de\/?p=11856"},"modified":"2024-03-26T14:34:17","modified_gmt":"2024-03-26T14:34:17","slug":"kafka-2024-kafka-die-miniserie-ard","status":"publish","type":"post","link":"https:\/\/willizblog.de\/?p=11856","title":{"rendered":"Kafka 2024: Kafka \u2013 die Miniserie (ARD)"},"content":{"rendered":"<p>Am 3. Juni 1924, also vor 100 Jahren, starb der Prager Schriftsteller Franz Kafka. Er gilt als der bedeutendste Literat deutscher Sprache des 20. Jahrhunderts. Dabei war er im eigentlichen Sinne kein Schriftsteller. Zu Lebzeiten ver\u00f6ffentlichte er nur wenige Erz\u00e4hlungen, die gerade 350 Seiten ausmachen. Und sein Freund Max Brod sollte auf seinem Wunsch hin alles andere nach seinem viel zu fr\u00fchen Tod vernichten. Was dieser aber nicht Tat, sondern f\u00fcr die Nachwelt rettete.<\/p>\n<p>2024 wird also ein Kafka-Jahr. Und die ARD legt gleich die Latte sehr hoch, denn die in \u00d6sterreich produzierte sechsteilige Miniserie: Kafka \u2013 Grundlage ist die \u00fcber 2500 Seite starke Biografie von Reiner Stach (in vier dicken B\u00e4nden) [<a href=\"https:\/\/amzn.to\/43B1JRQ\" rel=\"noopener\" target=\"_blank\">amazon<\/a>] \u2013 ist eine <em>\u201egelungene Symbiose aus Literatur und Fernsehen: Die Serie \u201eKafka\u201c (NDR, WDR, SWR, BR, MDR, RBB, HR, SR, RB, ORF \/ Superfilm) ist ein herausragendes Beispiel f\u00fcr biografisches Erz\u00e4hlen \u00fcber eine historische Figur. Eine kenntnis- und lehrreiche, zugleich unterhaltsame und fantasievoll inszenierte Reise durch Leben und Literatur des deutsch-tschechischen Schriftstellers Franz Kafka, der am 3. Juni 1924 im Alter von 40 Jahren starb. Daniel Kehlmann (Drehbuch) und David Schalko (Regie) n\u00e4hern sich seinem Charakter aus unterschiedlichen Perspektiven in sechs, jeweils unterschiedlich akzentuierten Episoden an. Wunderbar kauzig und verletzlich: Joel Basman in der Titelrolle. Kafkas Biografie und seine eigent\u00fcmlichen Geschichten werden auch dank der eindrucksvollen Szenenbilder und der Bildgestaltung lebendig. \u201eKafka\u201c ist ein erstklassig besetztes (Kross, Ofczarek, Fries, Friedel \u2013 oder Altenberger, Eidinger, H\u00fcbner in Kleinstrollen), \u00f6ffentlich-rechtliches Vorzeigeprojekt zur Zeitgeschichte \u2013 und weit mehr als ein Vergn\u00fcgen nur f\u00fcr Literaturkenner.\u201c<\/em> (Quelle: <a href=\"https:\/\/www.tittelbach.tv\/programm\/serie\/artikel-6560.html\" rel=\"noopener\" target=\"_blank\">tittelbach.de<\/a>)<\/p>\n<p><img src=\"https:\/\/www.willizblog.de\/images\/hein_sager_kafka_zu_willi.jpg\" alt=\"Kafka verwandelt sich zu \u201aWilli\u2018\" title=\"Kafka verwandelt sich zu \u201aWilli\u2018\" \/><br \/>\nKafka verwandelt sich zu \u201aWilli\u2018<\/p>\n<p>Heute Abend gibt es die ersten drei Folgen ab 20 Uhr 15 <a href=\"https:\/\/www.ardmediathek.de\/serie\/kafka\/staffel-1\/Y3JpZDovL25kci5kZS80OTg3\/1\" rel=\"noopener\" target=\"_blank\"><strong>in der ARD<\/strong><\/a>. Morgen folgen die drei weiteren Folgen. Nat\u00fcrlich ist die Serie auch in der ARD-Mediathek jeder Zeit aufrufbar (bis zum 20.03.2025 verf\u00fcgbar).<\/p>\n<p><em>\u201eKafka ist ein Kontinent, den man nie zu Ende kartographieren wird. Er schreibt nicht; er \u00f6ffnet T\u00fcren in eine Welt, die uns ohne ihn verschlossen bleiben w\u00fcrden. Niemand hat eine so origin\u00e4re Literatur geschaffen wie er. Es gibt nichts Vergleichbares davor. Nur die Echos danach.\u201c<\/em> (<a href=\"https:\/\/de.wikipedia.org\/wiki\/David_Schalko\" rel=\"noopener\" target=\"_blank\">David Schalko<\/a>, Regisseur der Serie)<\/p>\n<p><img src=\"https:\/\/www.willizblog.de\/blogpicts\/kafka_tagebuch_aber_jeden_tag_comic.jpg\" alt=\"\u2026 eine Zeile gegen mich \u2026 wie man die Fernrohre \u2026 richtet!\" title=\"\u2026 eine Zeile gegen mich \u2026 wie man die Fernrohre \u2026 richtet!\" \/><br \/>\n\u2026 eine Zeile gegen mich \u2026 <a href=\"https:\/\/willizblog.de\/?p=5726\" rel=\"noopener\" target=\"_blank\">wie man die Fernrohre \u2026 richtet<\/a>!<\/p>\n<p>Weitere Beitr\u00e4ge zu Franz Kafka in <a href=\"https:\/\/willizblog.de\/?s=kafka\" rel=\"noopener\" target=\"_blank\"><strong>willizblog.de<\/strong><\/a><\/p>\n","protected":false},"excerpt":{"rendered":"<p>Am 3. Juni 1924, also vor 100 Jahren, starb der Prager Schriftsteller Franz Kafka. Er gilt als der bedeutendste Literat deutscher Sprache des 20. Jahrhunderts. Dabei war er im eigentlichen Sinne kein Schriftsteller. Zu Lebzeiten ver\u00f6ffentlichte er nur wenige Erz\u00e4hlungen, die gerade 350 Seiten ausmachen. Und sein Freund Max Brod sollte auf seinem Wunsch hin &hellip; <a href=\"https:\/\/willizblog.de\/?p=11856\" class=\"more-link\"><span class=\"screen-reader-text\">Kafka 2024: Kafka \u2013 die Miniserie (ARD)<\/span> weiterlesen <span class=\"meta-nav\">&rarr;<\/span><\/a><\/p>\n","protected":false},"author":1,"featured_media":0,"comment_status":"open","ping_status":"open","sticky":false,"template":"","format":"standard","meta":[],"categories":[13,14],"tags":[],"_links":{"self":[{"href":"https:\/\/willizblog.de\/index.php?rest_route=\/wp\/v2\/posts\/11856"}],"collection":[{"href":"https:\/\/willizblog.de\/index.php?rest_route=\/wp\/v2\/posts"}],"about":[{"href":"https:\/\/willizblog.de\/index.php?rest_route=\/wp\/v2\/types\/post"}],"author":[{"embeddable":true,"href":"https:\/\/willizblog.de\/index.php?rest_route=\/wp\/v2\/users\/1"}],"replies":[{"embeddable":true,"href":"https:\/\/willizblog.de\/index.php?rest_route=%2Fwp%2Fv2%2Fcomments&post=11856"}],"version-history":[{"count":1,"href":"https:\/\/willizblog.de\/index.php?rest_route=\/wp\/v2\/posts\/11856\/revisions"}],"predecessor-version":[{"id":11857,"href":"https:\/\/willizblog.de\/index.php?rest_route=\/wp\/v2\/posts\/11856\/revisions\/11857"}],"wp:attachment":[{"href":"https:\/\/willizblog.de\/index.php?rest_route=%2Fwp%2Fv2%2Fmedia&parent=11856"}],"wp:term":[{"taxonomy":"category","embeddable":true,"href":"https:\/\/willizblog.de\/index.php?rest_route=%2Fwp%2Fv2%2Fcategories&post=11856"},{"taxonomy":"post_tag","embeddable":true,"href":"https:\/\/willizblog.de\/index.php?rest_route=%2Fwp%2Fv2%2Ftags&post=11856"}],"curies":[{"name":"wp","href":"https:\/\/api.w.org\/{rel}","templated":true}]}}