{"id":11874,"date":"2024-05-02T15:31:39","date_gmt":"2024-05-02T15:31:39","guid":{"rendered":"https:\/\/willizblog.de\/?p=11874"},"modified":"2024-05-02T15:31:39","modified_gmt":"2024-05-02T15:31:39","slug":"kafka-2024-denkmaeler-in-prag","status":"publish","type":"post","link":"https:\/\/willizblog.de\/?p=11874","title":{"rendered":"Kafka 2024: Denkm\u00e4ler in Prag"},"content":{"rendered":"<p>Als ich 1982 mit einem Kumpel in der Zeit vor Ostern (und zu Zeiten des noch real existierenden Sozialismus) Prag besuchte, waren wir nicht nur des Bieres wegen dort, sondern auch um ein wenig auf <a href=\"https:\/\/willizblog.de\/?s=prag+kafka\" rel=\"noopener\" target=\"_blank\">Franz Kafkas Spuren<\/a> zu wandeln. Viel gab es damals noch nicht von dem j\u00fcdischen Schriftsteller deutscher Sprache im Prag der <a href=\"https:\/\/de.wikipedia.org\/wiki\/%C3%96sterreich-Ungarn\" rel=\"noopener\" target=\"_blank\">k. u. k.-Monarchie \u00d6sterreich-Ungarn<\/a>, seiner Geburts- und fast lebenslanger Wohnstadt. Es gab lediglich eine Gedenktafel mit Kafkas Bildnis an seinem Geburtshaus (N\u00e1mest\u00ed Franze Kafky, also Franz-Kafka-Platz). Immerhin. Heute scheint die tschechische Hauptstadt Prag geradezu durchtr\u00e4nkt von Kafka zu sein.<\/p>\n<p><img src=\"https:\/\/www.willizblog.de\/pics\/kafka_prag_geburtshaus.jpg\" alt=\"Kafkas Geburtshaus\" title=\"Kafkas Geburtshaus\" \/><br \/>\nKafkas Geburtshaus<\/p>\n<p>Hier einige weitere Beispiele, die mein Sohn samt Freunden bei einem Besuch in Prag im Dezember 2019 festgehalten hat.<\/p>\n<p><img src=\"https:\/\/www.willizblog.de\/pics\/photo_2019-12-08_12-26-02.jpg\" alt=\"Beispiel 1: Kafka-Denkmal (Kafka auf den Schultern seines k\u00f6rperlosen Vaters) in Prag\" title=\"Beispiel 1: Kafka-Denkmal (Kafka auf den Schultern seines k\u00f6rperlosen Vaters) in Prag\" \/><br \/>\nBeispiel 1: Kafka-Denkmal (Kafka auf den Schultern seines k\u00f6rperlosen Vaters) in Prag<\/p>\n<p><img src=\"https:\/\/www.willizblog.de\/pics\/photo_2019-12-08_12-26-01.jpg\" alt=\"Beispiel 2: Ein weiteres Kafka-Denkmal in Prag\" title=\"Beispiel 2: Ein weiteres Kafka-Denkmal in Prag\" \/><br \/>\nBeispiel 2: Ein weiteres Kafka-Denkmal in Prag<\/p>\n","protected":false},"excerpt":{"rendered":"<p>Als ich 1982 mit einem Kumpel in der Zeit vor Ostern (und zu Zeiten des noch real existierenden Sozialismus) Prag besuchte, waren wir nicht nur des Bieres wegen dort, sondern auch um ein wenig auf Franz Kafkas Spuren zu wandeln. Viel gab es damals noch nicht von dem j\u00fcdischen Schriftsteller deutscher Sprache im Prag der &hellip; <a href=\"https:\/\/willizblog.de\/?p=11874\" class=\"more-link\"><span class=\"screen-reader-text\">Kafka 2024: Denkm\u00e4ler in Prag<\/span> weiterlesen <span class=\"meta-nav\">&rarr;<\/span><\/a><\/p>\n","protected":false},"author":1,"featured_media":0,"comment_status":"open","ping_status":"open","sticky":false,"template":"","format":"standard","meta":[],"categories":[3,10],"tags":[574,575,576],"_links":{"self":[{"href":"https:\/\/willizblog.de\/index.php?rest_route=\/wp\/v2\/posts\/11874"}],"collection":[{"href":"https:\/\/willizblog.de\/index.php?rest_route=\/wp\/v2\/posts"}],"about":[{"href":"https:\/\/willizblog.de\/index.php?rest_route=\/wp\/v2\/types\/post"}],"author":[{"embeddable":true,"href":"https:\/\/willizblog.de\/index.php?rest_route=\/wp\/v2\/users\/1"}],"replies":[{"embeddable":true,"href":"https:\/\/willizblog.de\/index.php?rest_route=%2Fwp%2Fv2%2Fcomments&post=11874"}],"version-history":[{"count":1,"href":"https:\/\/willizblog.de\/index.php?rest_route=\/wp\/v2\/posts\/11874\/revisions"}],"predecessor-version":[{"id":11875,"href":"https:\/\/willizblog.de\/index.php?rest_route=\/wp\/v2\/posts\/11874\/revisions\/11875"}],"wp:attachment":[{"href":"https:\/\/willizblog.de\/index.php?rest_route=%2Fwp%2Fv2%2Fmedia&parent=11874"}],"wp:term":[{"taxonomy":"category","embeddable":true,"href":"https:\/\/willizblog.de\/index.php?rest_route=%2Fwp%2Fv2%2Fcategories&post=11874"},{"taxonomy":"post_tag","embeddable":true,"href":"https:\/\/willizblog.de\/index.php?rest_route=%2Fwp%2Fv2%2Ftags&post=11874"}],"curies":[{"name":"wp","href":"https:\/\/api.w.org\/{rel}","templated":true}]}}