{"id":11882,"date":"2024-06-16T00:01:39","date_gmt":"2024-06-16T00:01:39","guid":{"rendered":"https:\/\/willizblog.de\/?p=11882"},"modified":"2024-09-28T19:27:54","modified_gmt":"2024-09-28T19:27:54","slug":"abenteuer-ulysses-von-james-joyce-15-120-jahre-bloomsday","status":"publish","type":"post","link":"https:\/\/willizblog.de\/?p=11882","title":{"rendered":"Abenteuer Ulysses von James Joyce (15): 120 Jahre Bloomsday"},"content":{"rendered":"<p>Heute vor nun 120 Jahren, am 16. Juni 1904, geschahen \u201aEreignisse\u2018 die in Dublin spielten und einen gewissen <a href=\"https:\/\/de.wikipedia.org\/wiki\/Leopold_Bloom\" rel=\"noopener\" target=\"_blank\">Leopold Bloom<\/a> als Hauptakteur hatten. Die Geschehnisse waren nat\u00fcrlich fiktiv und finden sich in dem Roman <a href=\"https:\/\/willizblog.de\/?s=ulysses\" rel=\"noopener\" target=\"_blank\">Ulysses<\/a> von <a href=\"https:\/\/de.wikipedia.org\/wiki\/James_Joyce\" rel=\"noopener\" target=\"_blank\">James Joyce<\/a> beschrieben. Und es spielte sich alles an einem Tag, eben jenem 16. Juni 1904, ab. Seit 1954 wird der 16. Juni als <a href=\"https:\/\/de.wikipedia.org\/wiki\/Bloomsday\" rel=\"noopener\" target=\"_blank\">Bloomsday<\/a> gefeiert und seitdem werden in Dublin j\u00e4hrlich Veranstaltungen zu Ehren von Joyce sowie seines Romans und dessen Figuren organisiert. Nicht selten arten diese in eine Sauftour aus<\/p>\n<p><img src=\"https:\/\/www.willizblog.de\/pics\/bloomsday.jpg\" alt=\"Bloomsday in Dublin \u2013 jeweils am 16. Juni\" title=\"Bloomsday in Dublin \u2013 jeweils am 16. Juni\" \/><br \/>\nBloomsday in Dublin \u2013 jeweils am 16. Juni<\/p>\n<p>Wenngleich der Bloomsday kein gesetzlicher Feiertag in Irland ist, ist er doch in englischsprachigen Kalendern inzwischen gleichwertig neben dem Saint Patrick\u2019s Day verzeichnet. Er ist weltweit der einzige Feiertag, der einem Roman gewidmet ist.<\/p>\n<p>Der Bloomsday erh\u00f6ht die Anziehungskraft der Stadt Dublin erheblich: Er geh\u00f6rt zu den gr\u00f6\u00dften Touristenattraktionen der Stadt. Im Jahr 2004 fanden in Dublin aus Anlass des hundertsten Jahrestages unter dem Motto \u201eReJoyce Dublin 2004\u201c vom 1. April bis 31. August f\u00fcnf Monate w\u00e4hrende Festlichkeiten statt.<\/p>\n<p>Und eine gute Nachricht zu \u201ameinem\u2018 <a href=\"https:\/\/willizblog.de\/?s=Abenteuer+Ulysses\" rel=\"noopener\" target=\"_blank\">Abenteuer Ulysses<\/a>: Ich bin beim letzten Kapitel, dem 18. (Penelope), angelangt, habe mich sicherlich etwas zu ausf\u00fchrlich mit dem Roman besch\u00e4ftigt (und am Ende dann doch eher nicht). Dank dem Internet habe ich jede Menge Material gesammelt, verarbeitet und dieses (bisher bis zum 13. Kapitel auch in diesem Blog nachlesbar) zu Papier gebracht (bzw. werde es noch zu Papier bringen). <\/p>\n<p><img src=\"https:\/\/www.willizblog.de\/pics\/demnaechst_in_diesem_theater.jpg\" alt=\"\u2026 demn\u00e4chst in diesem Theater\" title=\"\u2026 demn\u00e4chst in diesem Theater\" \/><br \/>\n\u2026 demn\u00e4chst in diesem Theater<\/p>\n<p>In den n\u00e4chsten Tagen (oder eher Wochen) werde ich auch den Rest des Romans hier mit einer Menge Bemerkungen vorstellen. Also Geduld, liebe Joyce-Freunde. Der Beitrag zum 14. Kapitel (Die Rinder des Sonnengottes \u2013 es spielt in einer Entbindungsanstalt) ist schon geschrieben, muss aber noch \u00fcberarbeitet werden. Diese Kapitel ist eine Zeitreise durch die Entwicklung der englischen Sprache \u2013 vom Altenglischen bis zum zeitgen\u00f6ssischen Dubliner Slang, in der deutschen \u00dcbersetzung vom Althochdeutschen bzw. Mittelhochdeutschen zum Berliner Dialekt. Und da die meisten von uns des Alt- bzw. Mittelhochdeutschen nicht m\u00e4chtig sind, so habe ich die anf\u00e4nglichen Seiten 539 bis 558 des Kapitels in der <a href=\"https:\/\/amzn.to\/3L5Tcw2\" rel=\"noopener\" target=\"_blank\">\u00dcbersetzung von Hans Wollschl\u00e4ger<\/a> [amazon] aus dem Jahr 1975 in eine heute verst\u00e4ndliche Sprache \u00fcbersetzt, mich dabei aber vom sprachlichen Duktus her an dem alt- resp. mittelhochdeutschen Text gehalten. Viel Arbeit f\u00fcr einen Laien in deutscher Philologie.<\/p>\n<p>Alles bis bald (und <a href=\"https:\/\/willizblog.de\/?s=kafka\" rel=\"noopener\" target=\"_blank\">Franz Kafkas<\/a> 100. Todestag ist auch noch geb\u00fchrend zu w\u00fcrdigen).<\/p>\n","protected":false},"excerpt":{"rendered":"<p>Heute vor nun 120 Jahren, am 16. Juni 1904, geschahen \u201aEreignisse\u2018 die in Dublin spielten und einen gewissen Leopold Bloom als Hauptakteur hatten. Die Geschehnisse waren nat\u00fcrlich fiktiv und finden sich in dem Roman Ulysses von James Joyce beschrieben. Und es spielte sich alles an einem Tag, eben jenem 16. Juni 1904, ab. Seit 1954 &hellip; <a href=\"https:\/\/willizblog.de\/?p=11882\" class=\"more-link\"><span class=\"screen-reader-text\">Abenteuer Ulysses von James Joyce (15): 120 Jahre Bloomsday<\/span> weiterlesen <span class=\"meta-nav\">&rarr;<\/span><\/a><\/p>\n","protected":false},"author":1,"featured_media":0,"comment_status":"open","ping_status":"open","sticky":false,"template":"","format":"standard","meta":[],"categories":[3],"tags":[],"_links":{"self":[{"href":"https:\/\/willizblog.de\/index.php?rest_route=\/wp\/v2\/posts\/11882"}],"collection":[{"href":"https:\/\/willizblog.de\/index.php?rest_route=\/wp\/v2\/posts"}],"about":[{"href":"https:\/\/willizblog.de\/index.php?rest_route=\/wp\/v2\/types\/post"}],"author":[{"embeddable":true,"href":"https:\/\/willizblog.de\/index.php?rest_route=\/wp\/v2\/users\/1"}],"replies":[{"embeddable":true,"href":"https:\/\/willizblog.de\/index.php?rest_route=%2Fwp%2Fv2%2Fcomments&post=11882"}],"version-history":[{"count":3,"href":"https:\/\/willizblog.de\/index.php?rest_route=\/wp\/v2\/posts\/11882\/revisions"}],"predecessor-version":[{"id":11954,"href":"https:\/\/willizblog.de\/index.php?rest_route=\/wp\/v2\/posts\/11882\/revisions\/11954"}],"wp:attachment":[{"href":"https:\/\/willizblog.de\/index.php?rest_route=%2Fwp%2Fv2%2Fmedia&parent=11882"}],"wp:term":[{"taxonomy":"category","embeddable":true,"href":"https:\/\/willizblog.de\/index.php?rest_route=%2Fwp%2Fv2%2Fcategories&post=11882"},{"taxonomy":"post_tag","embeddable":true,"href":"https:\/\/willizblog.de\/index.php?rest_route=%2Fwp%2Fv2%2Ftags&post=11882"}],"curies":[{"name":"wp","href":"https:\/\/api.w.org\/{rel}","templated":true}]}}