{"id":11900,"date":"2024-09-05T10:03:55","date_gmt":"2024-09-05T10:03:55","guid":{"rendered":"https:\/\/willizblog.de\/?p=11900"},"modified":"2024-09-05T10:18:05","modified_gmt":"2024-09-05T10:18:05","slug":"kafka-2024-kafka-in-riva-am-gardasee-1-1909","status":"publish","type":"post","link":"https:\/\/willizblog.de\/?p=11900","title":{"rendered":"Kafka 2024: Kafka in Riva am Gardasee (1) &#8211; 1909"},"content":{"rendered":"<p>Im Juli d.J. machte ein Sohn von mir mit seiner Freundin Urlaub in dem \u00d6rtchen <a href=\"https:\/\/de.wikipedia.org\/wiki\/Limone_sul_Garda\" rel=\"noopener\" target=\"_blank\">Limone sul Garda<\/a> am Gardasee (Lago di Garda) in Oberitalien Urlaub. Ber\u00fchmt ist die Beschreibung der Zitronenh\u00e4user von Limone durch J. Wolfgang Goethe in seiner <a href=\"https:\/\/amzn.to\/4cThZjW\" rel=\"noopener\" target=\"_blank\">&#8222;Italienischen Reise&#8220;<\/a> [Amazon], als er mit dem Schiff von Torbole nach Malcesine reiste; das Dorf, seine G\u00e4rten und Zitronen gingen pl\u00f6tzlich in die Weltliteratur ein. Nat\u00fcrlich fuhren die beiden auch nach <a href=\"https:\/\/de.wikipedia.org\/wiki\/Riva_del_Garda\" rel=\"noopener\" target=\"_blank\">Riva del Garda<\/a>, das durch <a href=\"https:\/\/willizblog.de\/?s=kafka\" rel=\"noopener\" target=\"_blank\">Franz Kafka<\/a> in den Jahren 1909 und 1913 besucht wurde und somit auch \u201aGeschichte\u2018 schrieb. So gibt es dort eine kleine Stra\u00dfe, die in die N\u00e4he des Strandes gelegen ist mit dem Namen: <strong>Via Franz Kafka<\/strong><\/p>\n<p><img src=\"https:\/\/www.willizblog.de\/pics\/kafka_garda20.jpg\" alt=\"Via Franz Kafka in der N\u00e4he des Strandes von Riva del Garda (\u00a9 Jan Albin)\" title=\"Via Franz Kafka in der N\u00e4he des Strandes von Riva del Garda (\u00a9 Jan Albin)\" \/><br \/>\nVia Franz Kafka in der N\u00e4he des Strandes von Riva del Garda (\u00a9 Jan Albin)<\/p>\n<p><img src=\"https:\/\/www.willizblog.de\/pics\/kafka_garda20a.jpg\" alt=\"Via Franz Kafka in der N\u00e4he des Strandes von Riva del Garda (Quelle: Google Maps)\" title=\"Via Franz Kafka in der N\u00e4he des Strandes von Riva del Garda (Quelle: Google Maps)\" \/><br \/>\nVia Franz Kafka in der N\u00e4he des Strandes von Riva del Garda (Quelle: Google Maps)<\/p>\n<p>Ich habe inzwischen nachgeforscht und in meinen Kafka-B\u00fcchern einiges an Material zu Kafkas zwei Urlaubsreisen nach Riva gefunden. Hier die Quellen:<\/p>\n<p><a href=\"https:\/\/willizblog.de\/?p=7656\" rel=\"noopener\" target=\"_blank\">Josef \u010cerm\u00e1k<\/a>: <a href=\"https:\/\/amzn.to\/4e8LU92\" rel=\"noopener\" target=\"_blank\">Franz Kafka \u2013 Leben und Werk \u2013 Band: Dokumente<\/a> \u2013 parthas berlin 2009<\/p>\n<p><a href=\"https:\/\/willizblog.de\/?p=5637\" rel=\"noopener\" target=\"_blank\">Klaus Wagenbach<\/a>: <a href=\"https:\/\/amzn.to\/3Xvxquj\" rel=\"noopener\" target=\"_blank\">Franz Kafka \u2013 Bilder aus seinem Leben<\/a> \u2013 Verlag Klaus Wagenbach, Berlin 1983<\/p>\n<p><a href=\"https:\/\/willizblog.de\/?p=11276\" rel=\"noopener\" target=\"_blank\">Reiner Stach<\/a>: <a href=\"https:\/\/amzn.to\/4dODzrn\" rel=\"noopener\" target=\"_blank\">Kafka von Tag zu Tag<\/a> &#8211; Dokumentation aller Briefe, Tageb\u00fccher und Ereignisse \u2013 S. Fischer, Frankfurt am Main 2017<\/p>\n<p>Zun\u00e4chst einiges zur 1. Reise Kafkas 1909 mit den Br\u00fcdern Max und Otto Brod nach Riva (heute: Riva del Garda). Max Brod war der Freund, dem wir es zu verdanken haben, dass die Manuskripte Kafkas entgegen seinem Wunsch nicht verbrannt, sondern ver\u00f6ffentlicht wurden. Der heutige Artikel ist der Auftakt zu einer sechsteiligen Reihe \u2013 zum 100. Todestag von Franz Kafka in diesem Jahr.<\/p>\n<p><img src=\"https:\/\/www.willizblog.de\/pics\/kafka_garda10.jpg\" alt=\"aus Kafkas Werken: Die Aeroplane in Brescia \u2013 Erz\u00e4hlungen \u2013 Beschreibung eines Kampfes\" title=\"aus Kafkas Werken: Die Aeroplane in Brescia \u2013 Erz\u00e4hlungen \u2013 Beschreibung eines Kampfes\" \/><br \/>\naus Kafkas Werken: Die Aeroplane in Brescia \u2013 Erz\u00e4hlungen \u2013 Beschreibung eines Kampfes<\/p>\n<p><em>Franz Kafka (Prag, 1883 \u2013 Kierling, 1924) liebte Riva auf den ersten Blick. Er war im September 1909 zum ersten Mal in Urlaub am Gardasee.<\/em><\/p>\n<p><em>Den Urlaub, den der neue Arbeitgeber gew\u00e4hrte, verbrachte Kafka oft mit Freunden. Das erste Mal brach er im September 1909 mit den Br\u00fcdern Max und Otto Brod in den S\u00fcden auf, ins oberitalienische Riva am Gardasee. Sie verlebten an dessen Ufern und in der Umgebung sorglose Tage. Eine gro\u00dfe Sensation war, besonders f\u00fcr Kafka, eine internationale Flugschau auf dem Flughafen Montechiari in der N\u00e4he von Brescia. Erstmals im Leben sahen die Freunde dort vom Nahem die Vorbereitungen der Flieger in den Hangars und tats\u00e4chlich auch das Abheben der \u201eAeroplane\u201c und die K\u00fcnste der Piloten in ihren fliegenden Wundermaschinen. Eine exklusive Gesellschaft, darunter der Opernkomponist Giacomo Puccini und der Flugfanatiker und Schriftsteller Gabrielle d\u2019Annunzio, verliehen diesem gro\u00dfartigen Spektakel besonderen Glanz. Kafka schrieb unmittelbar danach unter dem Titel <a href=\"https:\/\/de.wikipedia.org\/wiki\/Die_Aeroplane_in_Brescia\" rel=\"noopener\" target=\"_blank\">\u201aDie Aeroplane in Brescia\u2018<\/a> eine der ersten Reportagen zu diesem Thema in B\u00f6hmen und ver\u00f6ffentlichte sie im Feuilleton der Prager \u201aBohemia\u2018, wo er bereits zuvor und auch sp\u00e4ter noch kleinere Beitr\u00e4ge publizierte.<\/em><\/p>\n<p>aus <a href=\"https:\/\/amzn.to\/4e8LU92\" rel=\"noopener\" target=\"_blank\">Josef \u010cerm\u00e1k: Franz Kafka \u2013 Leben und Werk<\/a> \u2013 Band: Dokumente \u2013 parthas berlin 2009<\/p>\n<p>4. SEPTEMBER [1909]<br \/>\n-> RIVA<br \/>\nGemeinsam mit Max Brod, Abfahrt 13 Uhr. Brod \u00fcberreicht K. auf dem Bahnhof ein Notizbuch mit der Bemerkung: \u201ewir werden parallele Reisetageb\u00fccher f\u00fchren\u201c. Otto Brod folgt mit einem sp\u00e4teren Zug.<\/p>\n<p><img src=\"https:\/\/www.willizblog.de\/pics\/kafka_garda14_01.jpg\" alt=\"Kafka (rechts) mit Otto Brod\" title=\"Kafka (rechts) mit Otto Brod\" \/><br \/>\nKafka (rechts) mit Otto Brod (nach einem von Max Brod in seiner Biografie ver\u00f6ffentlichten Foto)<\/p>\n<p>5. SEPTEMBER<br \/>\n10 Uhr Ankunft in Riva.<\/p>\n<p><img src=\"https:\/\/www.willizblog.de\/pics\/kafka_garda14_02.jpg\" alt=\"Riva am Gardasee\" title=\"Riva am Gardasee\" \/><br \/>\nRiva am Gardasee<\/p>\n<p><img src=\"https:\/\/www.willizblog.de\/pics\/kafka_garda14_03.jpg\" alt=\"Riva am Gardasee\" title=\"Riva am Gardasee\" \/><br \/>\nRiva am Gardasee<\/p>\n<p>6. \u2013 9. SEPTEMBER<br \/>\nVormitt\u00e4gliches Bad in den >Bagni alla Madonnina< unterhalb der Ponalestra\u00dfe. Kleinere Ausfl\u00fcge in die Umgebung, u.a. Arco und Torbole.  \n\n7. SEPTEMBER\nan Elli Kafka [Kafkas \u00e4lteste von drei Schwestern]: (Ansichtskarte)\nan Ottla Kafka [Kafkas j\u00fcngste Schwester\/seine Lieblingsschwester]: (Ansichtskarte) Sie arbeitet im elterlichen Gesch\u00e4ft.\n\n\nAnsichtskarte an Ottla von der Reise mit Max Brod aus Riva (07.09.1909)\nLago di Garda \u2013 Riva vom Hotel Lido aus:\n\n\n<img src=\"https:\/\/www.willizblog.de\/pics\/kafka_garda01.jpg\" alt=\"Ansichtskarte an Ottla von der Reise mit Max Brod aus Riva (07.09.1909)\" title=\"Ansichtskarte an Ottla von der Reise mit Max Brod aus Riva (07.09.1909)\" \/><\/p>\n<p><img src=\"https:\/\/www.willizblog.de\/pics\/kafka_garda02.jpg\" alt=\"Ansichtskarte an Ottla aus Riva \u2026 (07.09.1909)\" title=\"Ansichtskarte an Ottla aus Riva \u2026 (07.09.1909)\" \/><\/p>\n<p>9. SEPTEMBER<br \/>\nAus der Zeitung \u201aLa Sentinella Bresciana\u2018 erfahren die Freunde von dem Flugmeeting im nahe gelegenen Brescia. K. dr\u00e4ngt darauf, hinzufahren.<\/p>\n<p>10. SEPTEMBER<br \/>\n-> BRESCIA<br \/>\nAnkunft sp\u00e4testens 15 Uhr. Fahrt zum Komiteepalast in der Via Umberto I. Sehr schmutziges Hotelzimmer. Am sp\u00e4ten Abend Streit mit dem Kutscher.<\/p>\n<p><img src=\"https:\/\/www.willizblog.de\/pics\/kafka_garda14_04.jpg\" alt=\"Uhrturm in Brescia (Stereoskopische Aufnahme)\" title=\"Uhrturm in Brescia (Stereoskopische Aufnahme)\" \/><br \/>\nUhrturm in Brescia (Stereoskopische Aufnahme)<\/p>\n<p>11. SEPTEMBER<br \/>\nFahrt zum Flugfeld von Montichiari. Die Freunde beobachten die Piloten, darunter Louis Bl\u00e9riot und Glenn Curtiss, vor ihren Hangars; au\u00dferdem prominente Besucher, darunter Gabrielle d\u2019Annunzio. Mahlzeit in einem riesigen Restaurant. Am Nachmittag verfolgen sie, auf St\u00fchlen stehend, einige Fl\u00fcge. K. und Max Brod vereinbaren, unabh\u00e4ngig voneinander Reportagen \u00fcber das Flugmeeting zu verfassen.<\/p>\n<p><img src=\"https:\/\/www.willizblog.de\/pics\/kafka_garda03.jpg\" alt=\"Fotografie von der Flugschau in Brescia\" title=\"Fotografie von der Flugschau in Brescia\" \/><br \/>\nFotografie von der Flugschau in Brescia<\/p>\n<p>-> DESENZANO<br \/>\n\u00dcbernachtung in einer Herberge am Hafen. Wegen zahlloser Wanzen verbringen die Freunde einen Teil der Nacht auf B\u00e4nken am Ufer.<br \/>\nAUVA [Arbeiterunfallversicherungsanstalt] an K.: Mitteilung der Bef\u00f6rderung zum Praktikanten zum 1. Okt. Mit einem j\u00e4hrlichen Gehalt von 1430 K.<\/p>\n<p>12. SEPTEMBER<br \/>\n-> RIVA<br \/>\nAbfahrt mit dem Dampfer um 6 Uhr, Ankunft 11. 25 Uhr.<\/p>\n<p><img src=\"https:\/\/www.willizblog.de\/pics\/kafka_garda12_01.jpg\" alt=\"Dampfer der Linie Desenzano - Riva\" title=\"Dampfer der Linie Desenzano - Riva\" \/><br \/>\nDampfer der Linie Desenzano &#8211; Riva<\/p>\n<p>14. SEPTEMBER<br \/>\n-> PRAG<br \/>\nAbfahrt 6.12 Uhr<\/p>\n<p>15. SEPTEMBER<br \/>\n7 Uhr Ankunft in Prag<\/p>\n<p>aus: <a href=\"https:\/\/amzn.to\/4dODzrn\" rel=\"noopener\" target=\"_blank\">Reiner Stach: Kafka von Tag zu Tag<\/a> &#8211; Dokumentation aller Briefe, Tageb\u00fccher und Ereignisse \u2013 S. Fischer, Frankfurt am Main 2017<\/p>\n","protected":false},"excerpt":{"rendered":"<p>Im Juli d.J. machte ein Sohn von mir mit seiner Freundin Urlaub in dem \u00d6rtchen Limone sul Garda am Gardasee (Lago di Garda) in Oberitalien Urlaub. Ber\u00fchmt ist die Beschreibung der Zitronenh\u00e4user von Limone durch J. Wolfgang Goethe in seiner &#8222;Italienischen Reise&#8220; [Amazon], als er mit dem Schiff von Torbole nach Malcesine reiste; das Dorf, &hellip; <a href=\"https:\/\/willizblog.de\/?p=11900\" class=\"more-link\"><span class=\"screen-reader-text\">Kafka 2024: Kafka in Riva am Gardasee (1) &#8211; 1909<\/span> weiterlesen <span class=\"meta-nav\">&rarr;<\/span><\/a><\/p>\n","protected":false},"author":1,"featured_media":0,"comment_status":"open","ping_status":"open","sticky":false,"template":"","format":"standard","meta":[],"categories":[14],"tags":[],"_links":{"self":[{"href":"https:\/\/willizblog.de\/index.php?rest_route=\/wp\/v2\/posts\/11900"}],"collection":[{"href":"https:\/\/willizblog.de\/index.php?rest_route=\/wp\/v2\/posts"}],"about":[{"href":"https:\/\/willizblog.de\/index.php?rest_route=\/wp\/v2\/types\/post"}],"author":[{"embeddable":true,"href":"https:\/\/willizblog.de\/index.php?rest_route=\/wp\/v2\/users\/1"}],"replies":[{"embeddable":true,"href":"https:\/\/willizblog.de\/index.php?rest_route=%2Fwp%2Fv2%2Fcomments&post=11900"}],"version-history":[{"count":4,"href":"https:\/\/willizblog.de\/index.php?rest_route=\/wp\/v2\/posts\/11900\/revisions"}],"predecessor-version":[{"id":11904,"href":"https:\/\/willizblog.de\/index.php?rest_route=\/wp\/v2\/posts\/11900\/revisions\/11904"}],"wp:attachment":[{"href":"https:\/\/willizblog.de\/index.php?rest_route=%2Fwp%2Fv2%2Fmedia&parent=11900"}],"wp:term":[{"taxonomy":"category","embeddable":true,"href":"https:\/\/willizblog.de\/index.php?rest_route=%2Fwp%2Fv2%2Fcategories&post=11900"},{"taxonomy":"post_tag","embeddable":true,"href":"https:\/\/willizblog.de\/index.php?rest_route=%2Fwp%2Fv2%2Ftags&post=11900"}],"curies":[{"name":"wp","href":"https:\/\/api.w.org\/{rel}","templated":true}]}}