{"id":1192,"date":"2008-05-15T00:20:41","date_gmt":"2008-05-14T22:20:41","guid":{"rendered":"http:\/\/www.willizblog.de\/?p=1192"},"modified":"2008-05-15T07:16:23","modified_gmt":"2008-05-15T05:16:23","slug":"sofies-welt-sokrates","status":"publish","type":"post","link":"https:\/\/willizblog.de\/?p=1192","title":{"rendered":"Sofies Welt: Sokrates"},"content":{"rendered":"<p>In einem <a href=\"https:\/\/www.willizblog.de\/?p=820\" target=\"_blank\">fr\u00fcheren Betrag<\/a> hatte ich schon einmal auf <a href=\"https:\/\/de.wikipedia.org\/wiki\/Jostein_Gaarder\" target=\"_blank\">Jostein Gaarder:<\/a> <a href=\"https:\/\/www.amazon.de\/gp\/product\/3423620005?ie=UTF8&amp;tag=familiealbin-21&amp;linkCode=as2&amp;camp=1638&amp;creative=6742&amp;creativeASIN=3423620005\" target=\"_blank\">Sofies Welt &#8211; Roman \u00fcber die Geschichte der Philosophie<\/a><img loading=\"lazy\" style=\"border:none !important; margin:0px !important;\" src=\"https:\/\/www.assoc-amazon.de\/e\/ir?t=familiealbin-21&amp;l=as2&amp;o=3&amp;a=3423620005\" border=\"0\" alt=\"\" width=\"1\" height=\"1\" \/> hingewiesen. Es ist ein Buch &#8211; f\u00fcr Jugendliche ab 14 Jahre gedacht -, dass sich aber auch f\u00fcr Erwachsene eignet, die in aller Schnelle und leicht verst\u00e4ndlich eine \u00dcbersicht \u00fcber die Geschichte der Philosophie gewinnen wollen. Ich habe das Buch wieder zur Hand genommen und m\u00f6chte in loser Folge auf den einen oder anderen Philosophen anhand von Zitaten aus dem Buch eingehen.<\/p>\n<p>Interessant in <a href=\"https:\/\/de.wikipedia.org\/wiki\/Sofies_Welt\" target=\"_blank\">Sofies Welt<\/a> sind dabei zun\u00e4chst die Abhandlungen \u00fcber die antike griechische Philosophie, die in den Personen Sokrates, <a href=\"https:\/\/de.wikipedia.org\/wiki\/Platon\" target=\"_blank\">Platon<\/a> und <a href=\"https:\/\/de.wikipedia.org\/wiki\/Aristoteles\">Aristoteles<\/a> noch heute starken Einfluss auf unser abendl\u00e4ndisches Denken (speziell in Europa) aus\u00fcbt.<\/p>\n<p>So m\u00f6chte ich heute mit <a href=\"https:\/\/de.wikipedia.org\/wiki\/Sokrates\" target=\"_blank\">Sokrates<\/a> (altgriechisch ????????\u00a0&#8211; * 469 v. Chr.; \u2020 399 v. Chr.) beginnen, der in Athen lebte:<\/p>\n<p><em>Wer war Sokrates?<\/em><br \/>\n<em>Sokrates (470-399 v. Chr.) ist vielleicht die r\u00e4tselhafteste Person in der gesamten Geschichte der Philosophie. Er hat keine einzige Zeile geschrieben. Trotzdem geh\u00f6rt er zu denen, die den allergr\u00f6\u00dften Einflu\u00df auf das europ\u00e4ische Denken ausge\u00fcbt haben. Da\u00df man ihn kennt, wenn man mit Philosophie wenig am Hut hat, h\u00e4ngt wahrscheinlich mit seinem dramatischen Tod zusammen.<\/em><\/p>\n<p><em>Wir wissen, dass er in Athen geboren wurde, und dass er dort sein Leben vor allem auf Marktpl\u00e4tzen und in Stra\u00dfen verbrachte, wo er mit allen m\u00f6glichen Leuten redete. Die Felder und B\u00e4ume auf dem Land k\u00f6nnten ihn nichts lehren, meinte er. Er konnte auch viele Stunden lang in tiefes Nachdenken versunken dastehen.<\/em><\/p>\n<p>\u2026<\/p>\n<p><em>Feststeht, dass er potth\u00e4sslich war. Er war klein und dick und hatte Glubschaugen und eine Himmelfahrtsnase. Aber sein Inneres war \u201evollkommen herrlich\u201c, wie es hie\u00df.<\/em> \u2026<\/p>\n<p><em>Das Leben des Sokrates kennen wir vor allem durch Platon, der sein Sch\u00fcler war und selber einer der gr\u00f6\u00dften Philosophen der Geschichte.<\/em><\/p>\n<p><em>Platon verfasste viele Dialoge \u2013 oder philosophische Gespr\u00e4che-, in denen er Sokrates auftreten l\u00e4\u00dft.<\/em><\/p>\n<p>\u2026<\/p>\n<p><em>Gespr\u00e4chskunst<\/em><br \/>\n<em>Der eigentliche Kern in Sokrates\u2019 Wirken war, da\u00df er die Menschen nicht belehren wollte. Statt dessen vermittelte er den Eindruck, selbst von seinem Gespr\u00e4chspartner lernen zu wollen. Er unterrichtete also nicht wie irgendein Schullehrer. Nein, er f\u00fchrte Gespr\u00e4che.<\/em><\/p>\n<p>\u2026 <em>vor allem zu Anfang stellte er nur Fragen. So gab er gern vor, nichts zu wissen. Im Laufe des Gespr\u00e4chs brachte er dann oft den anderen dazu, die Schw\u00e4chen seiner \u00dcberlegungen einzusehen.<\/em> \u2026<\/p>\n<p><em>Sokrates\u2019 Mutter war angeblich Hebamme, und Sokrates verglich seine eigene T\u00e4tigkeit mit der Hebammenkunst. \u2026 Sokrates sah also seine Aufgabe an, den Menschen bei der \u201eGeburt\u201c der richtigen Einsicht zu helfen. Denn wirkliche Erkenntnis mu\u00df von innen kommen.<\/em> \u2026<\/p>\n<p><em>Gerade dadurch, dass er den Unwissenden spielte, zwang Sokrates die Menschen dazu, ihre Vernunft anzuwenden. \u2026 Das nennen wir sokratische Ironie. \u2026 Athen sei wie eine Stute, sagte Sokrates, und er wie eine Bremse, die ihr in die Flanke steche, um ihr Bewusstsein wachzuhalten.<\/em><\/p>\n<p><em>Richtige Erkenntnis f\u00fchrt zum richtigen Handeln<\/em><br \/>\n\u2026 <em>Sokrates glaubte, eine g\u00f6ttliche Stimme in sich zu h\u00f6ren, und da\u00df dieses \u201eGewissen\u201c ihm sagte, was richtig war. Wer wisse, was gut ist, werde auch das Gute tun, meinte er. Er glaubte, die richtige Erkenntnis f\u00fchre zum richtigen Handeln. \u2026 Wenn wir falsch handeln, dann, weil wir es nicht besser wissen. Deshalb ist es so wichtig, unser Wissen zu vermehren.<\/em><\/p>\n<p>\u2026 <em>Sokrates hielt es f\u00fcr unm\u00f6glich, gl\u00fccklich zu werden, wenn man gegen seine \u00dcberzeugung handelt. Und wer wei\u00df, wie er zum gl\u00fccklichen Menschen werden kann, wird auch versuchen, einer zu werden. Deshalb wird jemand, der wei\u00df, was richtig ist, auch das Richtige tun. Denn keine Mensch m\u00f6chte ja wohl ungl\u00fccklich sein?<\/em><\/p>\n<p><strong>aus:<\/strong> Jostein Gaarder: Sofies Welt &#8211; Roman \u00fcber die Geschichte der Philosophie &#8211; S. 80-87 \u2013 Carl Hanser Verlag 1995<\/p>\n<p><img src=\"https:\/\/www.willizblog.de\/blogpicts\/sokrates.jpg\" alt=\"Sokrates\" \/><\/p>\n<p>Es ging Sokrates also darum, die Vernunft auf menschliche Problemstellungen anzuwenden. Was vielen von uns heute wie selbstverst\u00e4ndlich erscheint, war zu Zeiten der alten Griechen alles andere als allt\u00e4glich.<\/p>\n<p>Auch die Geschichte seines Prozesses wegen angeblich verderblichen Einflusses auf die Jugend und wegen Missachtung der Griechischen G\u00f6tter und seine gelassene Haltung w\u00e4hrend seines Todes durch den <a href=\"https:\/\/de.wikipedia.org\/wiki\/Schierlingsbecher\" target=\"_blank\">Schierlingsbecher<\/a> trugen zu seinem Nachruhm bei. Sokrates h\u00e4tte Athen verlassen k\u00f6nnen. Aber er war bereit, f\u00fcr seine \u00dcberzeugung zu sterben.<\/p>\n","protected":false},"excerpt":{"rendered":"<p>In einem fr\u00fcheren Betrag hatte ich schon einmal auf Jostein Gaarder: Sofies Welt &#8211; Roman \u00fcber die Geschichte der Philosophie hingewiesen. Es ist ein Buch &#8211; f\u00fcr Jugendliche ab 14 Jahre gedacht -, dass sich aber auch f\u00fcr Erwachsene eignet, die in aller Schnelle und leicht verst\u00e4ndlich eine \u00dcbersicht \u00fcber die Geschichte der Philosophie gewinnen &hellip; <a href=\"https:\/\/willizblog.de\/?p=1192\" class=\"more-link\"><span class=\"screen-reader-text\">Sofies Welt: Sokrates<\/span> weiterlesen <span class=\"meta-nav\">&rarr;<\/span><\/a><\/p>\n","protected":false},"author":1,"featured_media":0,"comment_status":"open","ping_status":"closed","sticky":false,"template":"","format":"standard","meta":[],"categories":[15,14],"tags":[],"_links":{"self":[{"href":"https:\/\/willizblog.de\/index.php?rest_route=\/wp\/v2\/posts\/1192"}],"collection":[{"href":"https:\/\/willizblog.de\/index.php?rest_route=\/wp\/v2\/posts"}],"about":[{"href":"https:\/\/willizblog.de\/index.php?rest_route=\/wp\/v2\/types\/post"}],"author":[{"embeddable":true,"href":"https:\/\/willizblog.de\/index.php?rest_route=\/wp\/v2\/users\/1"}],"replies":[{"embeddable":true,"href":"https:\/\/willizblog.de\/index.php?rest_route=%2Fwp%2Fv2%2Fcomments&post=1192"}],"version-history":[{"count":0,"href":"https:\/\/willizblog.de\/index.php?rest_route=\/wp\/v2\/posts\/1192\/revisions"}],"wp:attachment":[{"href":"https:\/\/willizblog.de\/index.php?rest_route=%2Fwp%2Fv2%2Fmedia&parent=1192"}],"wp:term":[{"taxonomy":"category","embeddable":true,"href":"https:\/\/willizblog.de\/index.php?rest_route=%2Fwp%2Fv2%2Fcategories&post=1192"},{"taxonomy":"post_tag","embeddable":true,"href":"https:\/\/willizblog.de\/index.php?rest_route=%2Fwp%2Fv2%2Ftags&post=1192"}],"curies":[{"name":"wp","href":"https:\/\/api.w.org\/{rel}","templated":true}]}}