{"id":11969,"date":"2024-10-15T10:23:21","date_gmt":"2024-10-15T10:23:21","guid":{"rendered":"https:\/\/willizblog.de\/?p=11969"},"modified":"2024-10-15T10:23:21","modified_gmt":"2024-10-15T10:23:21","slug":"abenteuer-ulysses-von-james-joyce-21-das-original-odyssee-von-homer","status":"publish","type":"post","link":"https:\/\/willizblog.de\/?p=11969","title":{"rendered":"Abenteuer Ulysses von James Joyce (21): Das Original: Odyssee von Homer"},"content":{"rendered":"<p>Wer den Roman <a href=\"https:\/\/willizblog.de\/?s=ulysses\" rel=\"noopener\" target=\"_blank\">Ulysses<\/a> von <a href=\"https:\/\/de.wikipedia.org\/wiki\/James_Joyce\" rel=\"noopener\" target=\"_blank\">James Joyce<\/a> liest, kommt um das Original der Osyssee von <a href=\"https:\/\/de.wikipedia.org\/wiki\/Homer\" rel=\"noopener\" target=\"_blank\">Homer<\/a> nicht umhin. Homer (altgriechisch \u1f4d\u03bc\u03b7\u03c1\u03bf\u03c2 H\u00f3m\u0113ros, Betonung im Deutschen: Hom\u1e17r) gilt traditionell als Autor der Ilias und der Odyssee und damit als fr\u00fchester Dichter des Abendlandes. Weder sein Geburtsort noch das Datum seiner Geburt oder das seines Todes sind zweifelsfrei bekannt. Es ist nicht einmal sicher, dass es Homer \u00fcberhaupt gab. Kontrovers diskutiert wird die Frage, in welcher Epoche er gelebt haben soll. Herodot sch\u00e4tzte, dass Homer 400 Jahre vor ihm gelebt haben m\u00fcsse; dies entspr\u00e4che in etwa der Zeit um 850 v. Chr. Andere historische Quellen legen das Wirken Homers in die Zeit des Trojanischen Krieges, der traditionell etwa um 1200 v. Chr. datiert wird. Heutzutage stimmt die Forschung weitestgehend darin \u00fcberein, dass Homer, wenn es ihn gab, etwa in der zweiten H\u00e4lfte des 8. Jahrhunderts und\/oder in der ersten H\u00e4lfte des 7. Jahrhunderts v. Chr. gelebt hat.<\/p>\n<p><a href=\"https:\/\/de.wikipedia.org\/wiki\/Odyssee\" rel=\"noopener\" target=\"_blank\">Die Odyssee<\/a> (altgriechisch \u1f21 \u1f48\u03b4\u03cd\u03c3\u03c3\u03b5\u03b9\u03b1 h\u0113 Od\u00fdsseia) geh\u00f6rt zu den \u00e4ltesten und einflussreichsten Dichtungen der abendl\u00e4ndischen Literatur. In Schriftform wurde das Werk erstmals wahrscheinlich um die Wende vom 8. zum 7. Jahrhundert v. Chr. festgehalten. Es schildert die Abenteuer des K\u00f6nigs Odysseus von Ithaka und seiner Gef\u00e4hrten w\u00e4hrend der Heimkehr aus dem Trojanischen Krieg. In vielen Sprachen ist der Begriff \u201eOdyssee\u201c zum Synonym f\u00fcr eine lange Irrfahrt geworden.<\/p>\n<p>Ich habe nun die \u00dcbersetzung von <a href=\"https:\/\/de.wikipedia.org\/wiki\/Johann_Heinrich_Vo%C3%9F\" rel=\"noopener\" target=\"_blank\">Johann Heinrich Vo\u00df<\/a> (* 20. Februar 1751 in Sommerstorf; \u2020 29. M\u00e4rz 1826 in Heidelberg) gelesen. Dieser war ein deutscher Dichter, \u00dcbersetzer und Hochschullehrer. Ber\u00fchmt ist er f\u00fcr seine \u00dcbertragungen von Homers Epen (Ilias, Odyssee) und anderer Klassiker der Antike. Am bekanntesten wurde seine \u00dcbersetzung der Odyssee, die 1781 \u201eauf Kosten des Verfassers\u201c erschien und deren einpr\u00e4gsame, bildhafte Sprache Generationen deutscher Leser mit Homer vertraut machte. 1793 erschien der ganze Homer, die Ilias und die Odyssee in \u00fcberarbeiteter Form.<\/p>\n<p>Im deutschen Sprachraum gilt die metrische \u00dcbersetzung von Johann Heinrich Vo\u00df aus dem 18. Jahrhundert ihrerseits als Klassiker. Ihr sprachsch\u00f6pferischer Einfluss auf das Deutsche wird mit Martin Luthers Bibel\u00fcbersetzung verglichen. Zuerst musste ich mich etwas \u201aeinlesen\u2018, dann aber lie\u00dfen sich die Verse fl\u00fcssig lesen. Die gro\u00dfe Anzahl der auftretenden Personen und G\u00f6tter ist vielleicht etwas irritierend. <a href=\"https:\/\/de.wikipedia.org\/wiki\/Nausikaa_(Mythologie)\" rel=\"noopener\" target=\"_blank\">Nausikaa<\/a> (altgriechisch \u039d\u03b1\u03c5\u03c3\u03b9\u03ba\u03ac\u03b1 Nausik\u00e1a), die Tochter des phaiakischen K\u00f6nigs Alkinoos und dessen Frau Arete, ist mir die liebste der Figuren und k\u00f6nnte heute als eine Art Patronin der Fl\u00fcchtlinge gelten.<\/p>\n<p><img src=\"https:\/\/www.willizblog.de\/pics\/homer_odyssee.jpg\" alt=\"Homer: Odyssee\" title=\"Homer: Odyssee\" \/><br \/>\nHomer: Odyssee<\/p>\n<p>Die Odyssee beginnt mit der Anrufung der Muse. Die Eingangsverse sind hier auf Altgriechisch, in Umschrift sowie in der klassischen deutschen \u00dcbersetzung von Johann Heinrich Vo\u00df aus dem Jahr 1781 wiedergegeben:<\/p>\n<ul>\u1f0c\u03bd\u03b4\u03c1\u03b1 \u03bc\u03bf\u03b9 \u1f14\u03bd\u03bd\u03b5\u03c0\u03b5, \u039c\u03bf\u1fe6\u03c3\u03b1, \u03c0\u03bf\u03bb\u03cd\u03c4\u03c1\u03bf\u03c0\u03bf\u03bd, \u1f43\u03c2 \u03bc\u03ac\u03bb\u03b1 \u03c0\u03bf\u03bb\u03bb\u1f70<br \/>\n\u03c0\u03bb\u03ac\u03b3\u03c7\u03b8\u03b7, \u1f10\u03c0\u03b5\u1f76 \u03a4\u03c1\u03bf\u03af\u03b7\u03c2 \u1f31\u03b5\u03c1\u1f78\u03bd \u03c0\u03c4\u03bf\u03bb\u03af\u03b5\u03b8\u03c1\u03bf\u03bd \u1f14\u03c0\u03b5\u03c1\u03c3\u03b5\u00b7<br \/>\n\u03c0\u03bf\u03bb\u03bb\u1ff6\u03bd \u03b4\u2019 \u1f00\u03bd\u03b8\u03c1\u03ce\u03c0\u03c9\u03bd \u1f34\u03b4\u03b5\u03bd \u1f04\u03c3\u03c4\u03b5\u03b1 \u03ba\u03b1\u1f76 \u03bd\u03cc\u03bf\u03bd \u1f14\u03b3\u03bd\u03c9,<br \/>\n\u03c0\u03bf\u03bb\u03bb\u1f70 \u03b4\u2019 \u1f45 \u03b3\u2019 \u1f10\u03bd \u03c0\u03cc\u03bd\u03c4\u1ff3 \u03c0\u03ac\u03b8\u03b5\u03bd \u1f04\u03bb\u03b3\u03b5\u03b1 \u1f43\u03bd \u03ba\u03ac\u03c4\u03b1 \u03b8\u03c5\u03bc\u03cc\u03bd,<br \/>\n\u1f00\u03c1\u03bd\u03cd\u03bc\u03b5\u03bd\u03bf\u03c2 \u1f25\u03bd \u03c4\u03b5 \u03c8\u03c5\u03c7\u1f74\u03bd \u03ba\u03b1\u1f76 \u03bd\u03cc\u03c3\u03c4\u03bf\u03bd \u1f11\u03c4\u03b1\u03af\u03c1\u03c9\u03bd.<br \/>\n\u1f00\u03bb\u03bb\u2019 \u03bf\u1f54\u03b4\u2019 \u1f63\u03c2 \u1f11\u03c4\u03ac\u03c1\u03bf\u03c5\u03c2 \u1f10\u03c1\u03c1\u03cd\u03c3\u03b1\u03c4\u03bf \u1f31\u03ad\u03bc\u03b5\u03bd\u03cc\u03c2 \u03c0\u03b5\u03c1\u00b7<br \/>\n\u03b1\u1f50\u03c4\u1ff6\u03bd \u03b3\u1f70\u03c1 \u03c3\u03c6\u03b5\u03c4\u03ad\u03c1\u1fc3\u03c3\u03b9\u03bd \u1f00\u03c4\u03b1\u03c3\u03b8\u03b1\u03bb\u03af\u1fc3\u03c3\u03b9\u03bd \u1f44\u03bb\u03bf\u03bd\u03c4\u03bf,<br \/>\n\u03bd\u03ae\u03c0\u03b9\u03bf\u03b9, \u03bf\u1f33 \u03ba\u03b1\u03c4\u1f70 \u03b2\u03bf\u1fe6\u03c2 \u1f59\u03c0\u03b5\u03c1\u03af\u03bf\u03bd\u03bf\u03c2 \u1f28\u03b5\u03bb\u03af\u03bf\u03b9\u03bf<br \/>\n\u1f24\u03c3\u03b8\u03b9\u03bf\u03bd\u00b7 \u03b1\u1f50\u03c4\u1f70\u03c1 \u1f43 \u03c4\u03bf\u1fd6\u03c3\u03b9\u03bd \u1f00\u03c6\u03b5\u03af\u03bb\u03b5\u03c4\u03bf \u03bd\u03cc\u03c3\u03c4\u03b9\u03bc\u03bf\u03bd \u1f26\u03bc\u03b1\u03c1.<br \/>\n\u03c4\u1ff6\u03bd \u1f01\u03bc\u03cc\u03b8\u03b5\u03bd \u03b3\u03b5, \u03b8\u03b5\u03ac, \u03b8\u03cd\u03b3\u03b1\u03c4\u03b5\u03c1 \u0394\u03b9\u03cc\u03c2, \u03b5\u1f36\u03c0\u03b5 \u03ba\u03b1\u1f76 \u1f21\u03bc\u1fd6\u03bd.<\/ul>\n<ul>\u1ea0ndra moi \u1eb9nnepe, Mo\u1ee5sa, pol\u1ef5tropon, h\u1ecds mala p\u1ecdlla<br \/>\npl\u1ea1nchth\u0113, epe\u1ecb Troi\u1eb9\u0304s hier\u1ecdn ptoli\u1eb9thron ep\u1eb9rse:<br \/>\np\u1ecdll\u014dn d\u2019 \u1ea1nthr\u014dp\u1ecd\u0304n iden \u1ea1stea ka\u1ecb noon \u1eb9gn\u014d,<br \/>\np\u1ecdlla d\u2019 ho g\u2019 \u1eb9n pont\u1ecd\u0304 pathen \u1ea1lgea h\u1ecdn kata th\u1ef5mon,<br \/>\n\u1ea1rnymen\u1ecds h\u0113n t\u1eb9 psych\u1eb9\u0304n kai n\u1ecdston heta\u1ecbr\u014dn.<br \/>\n\u1ea1ll\u2019 oud\u2019 h\u1ecd\u0304s hetaro\u1ee5s errh\u1ef5sato h\u1ecbemen\u1ecds per;<br \/>\na\u1ee5t\u014dn g\u1ea1r spheter\u1eb9\u0304sin at\u1ea1sthali\u1eb9\u0304sin ol\u1ecdnto,<br \/>\nn\u1eb9\u0304pioi, ho\u1ecb kata bo\u1ee5s Hyper\u1ecbonos \u1eb8\u0304elio\u1ecbo<br \/>\n\u1eb9\u0304sthion; a\u1ee5tar ho to\u1ecbsin aphe\u1ecbleto n\u1ecdstimon h\u1eb9\u0304mar.<br \/>\nt\u1ecd\u0304n hamoth\u1eb9n ge, the\u1ea1, thygat\u1eb9r Dios, e\u1ecbpe kai h\u1eb9\u0304min.<\/ul>\n<ul>Sage mir, Muse, die Thaten des vielgewanderten Mannes,<br \/>\nWelcher so weit geirrt, nach der heiligen Troja Zerst\u00f6rung,<br \/>\nVieler Menschen St\u00e4dte gesehn, und Sitte gelernt hat,<br \/>\nUnd auf dem Meere so viel\u2019 unnennbare Leiden erduldet,<br \/>\nSeine Seele zu retten, und seiner Freunde Zur\u00fcckkunft.<br \/>\nAber die Freunde rettet\u2019 er nicht, wie eifrig er strebte;<br \/>\nDenn sie bereiteten selbst durch Missethat ihr Verderben:<br \/>\nThoren! welche die Rinder des hohen Sonnenbeherschers<br \/>\nSchlachteten; siehe, der Gott nahm ihnen den Tag der Zur\u00fcckkunft.<br \/>\nSage hievon auch uns ein weniges, Tochter Kronions.<\/ul>\n<p><img src=\"https:\/\/www.willizblog.de\/pics\/homer_odyssee_text.jpg\" alt=\"Homer: Odyssee \u2013 Anfang 1. Gesang\" title=\"Homer: Odyssee \u2013 Anfang 1. Gesang\" \/><br \/>\nHomer: Odyssee \u2013 Anfang 1. Gesang<\/p>\n<p><strong>Homers Odyssee<\/strong> l\u00e4sst sich als <a href=\"http:\/\/www.digbib.org\/Homer_8JHvChr\/De_Odyssee_.pdf\" rel=\"noopener\" target=\"_blank\">PDF-Datei<\/a> aus dem Internet herunterladen, ist aber nat\u00fcrlich <a href=\"https:\/\/amzn.to\/3No76ML\" rel=\"noopener\" target=\"_blank\">in Buchform [z.B. bei Amazon]<\/a> erh\u00e4ltlich. Ich bevorzuge das handfeste Buch.<\/p>\n<p>Es gibt eine Vielzahl an \u00dcbersetzungen des Homer\u2019schen Werkes. Eine davon stammt von <a href=\"https:\/\/de.wikipedia.org\/wiki\/Wilhelm_Jordan_(Schriftsteller)\" rel=\"noopener\" target=\"_blank\">Carl Friedrich Wilhelm Jordan<\/a> (* 8. Februar 1819 in Insterburg, Ostpreu\u00dfen; \u2020 25. Juni 1904 in Frankfurt am Main), einem deutschen Schriftsteller und Politiker. H\u00e4tte nicht <a href=\"https:\/\/books.google.de\/\" rel=\"noopener\" target=\"_blank\">Google-Books<\/a> das Werk gescannt und <a href=\"https:\/\/www.google.de\/books\/edition\/Odyssee\/ov8xAQAAMAAJ?hl=de&#038;gbpv=1&#038;pg=PR3&#038;printsec=frontcover\" rel=\"noopener\" target=\"_blank\">im Internet<\/a> verf\u00fcgbar gemacht (es handelt sich dabei um ein Buch aus dem Bestand der University of Minnesota), so k\u00f6nnte es als nicht existent gelten. Ich habe n\u00e4mlich nirgendwo einen Hinweis gefunden, der Jordan als \u00dcbersetzer der Odyssee ausweist.<\/p>\n<p><img src=\"https:\/\/www.willizblog.de\/pics\/homer_odyssee_jordan.jpg\" alt=\"\u00dcbersetzt und erkl\u00e4rt von Wilhelm Jordan \u2013 2. Auflage 1889\" title=\"\u00dcbersetzt und erkl\u00e4rt von Wilhelm Jordan \u2013 2. Auflage 1889\" \/><br \/>\n\u00dcbersetzt und erkl\u00e4rt von Wilhelm Jordan \u2013 2. Auflage 1889<\/p>\n","protected":false},"excerpt":{"rendered":"<p>Wer den Roman Ulysses von James Joyce liest, kommt um das Original der Osyssee von Homer nicht umhin. Homer (altgriechisch \u1f4d\u03bc\u03b7\u03c1\u03bf\u03c2 H\u00f3m\u0113ros, Betonung im Deutschen: Hom\u1e17r) gilt traditionell als Autor der Ilias und der Odyssee und damit als fr\u00fchester Dichter des Abendlandes. Weder sein Geburtsort noch das Datum seiner Geburt oder das seines Todes sind &hellip; <a href=\"https:\/\/willizblog.de\/?p=11969\" class=\"more-link\"><span class=\"screen-reader-text\">Abenteuer Ulysses von James Joyce (21): Das Original: Odyssee von Homer<\/span> weiterlesen <span class=\"meta-nav\">&rarr;<\/span><\/a><\/p>\n","protected":false},"author":1,"featured_media":0,"comment_status":"open","ping_status":"open","sticky":false,"template":"","format":"standard","meta":[],"categories":[3],"tags":[],"_links":{"self":[{"href":"https:\/\/willizblog.de\/index.php?rest_route=\/wp\/v2\/posts\/11969"}],"collection":[{"href":"https:\/\/willizblog.de\/index.php?rest_route=\/wp\/v2\/posts"}],"about":[{"href":"https:\/\/willizblog.de\/index.php?rest_route=\/wp\/v2\/types\/post"}],"author":[{"embeddable":true,"href":"https:\/\/willizblog.de\/index.php?rest_route=\/wp\/v2\/users\/1"}],"replies":[{"embeddable":true,"href":"https:\/\/willizblog.de\/index.php?rest_route=%2Fwp%2Fv2%2Fcomments&post=11969"}],"version-history":[{"count":1,"href":"https:\/\/willizblog.de\/index.php?rest_route=\/wp\/v2\/posts\/11969\/revisions"}],"predecessor-version":[{"id":11970,"href":"https:\/\/willizblog.de\/index.php?rest_route=\/wp\/v2\/posts\/11969\/revisions\/11970"}],"wp:attachment":[{"href":"https:\/\/willizblog.de\/index.php?rest_route=%2Fwp%2Fv2%2Fmedia&parent=11969"}],"wp:term":[{"taxonomy":"category","embeddable":true,"href":"https:\/\/willizblog.de\/index.php?rest_route=%2Fwp%2Fv2%2Fcategories&post=11969"},{"taxonomy":"post_tag","embeddable":true,"href":"https:\/\/willizblog.de\/index.php?rest_route=%2Fwp%2Fv2%2Ftags&post=11969"}],"curies":[{"name":"wp","href":"https:\/\/api.w.org\/{rel}","templated":true}]}}