{"id":11982,"date":"2024-11-08T10:42:42","date_gmt":"2024-11-08T10:42:42","guid":{"rendered":"https:\/\/willizblog.de\/?p=11982"},"modified":"2024-11-08T10:42:42","modified_gmt":"2024-11-08T10:42:42","slug":"vor-20-jahren-werder-maerchen-2004-20-jahre-double","status":"publish","type":"post","link":"https:\/\/willizblog.de\/?p=11982","title":{"rendered":"Vor 20 Jahren: Werder-M\u00e4rchen 2004 \u2013 20 Jahre Double"},"content":{"rendered":"<p>Mit Fu\u00dfball habe ich seit der Weltmeisterschaft 2022 in Katar (fast) nichts mehr am Hut. Gilt auch f\u00fcr den SV Werder Bremen. Okay, Werder stieg 2021 ab und schaffte den sofortigen Wiederaufstieg in die Bundesliga. Hier nun bewegt sich die Mannschaft im Mittelfeld mit sehr unterschiedlichen Leistungen. Guten und erfolgreichen Spielen folgen immer wieder Spiele, die \u201aunter aller Sau\u2018 sind.<\/p>\n<p>Mein Desinteresse gr\u00fcndet sich auch auf die Entwicklung, die der Fu\u00dfball genommen hat. Kommerz ohne Ende. Und das oftmals durch rein taktische Erw\u00e4gungen gepr\u00e4gte Spiel mag f\u00fcr viele interessant sein, ist f\u00fcr mich aber laaangweilig \u2026<\/p>\n<p>Trotzdem komme ich heute doch noch einmal auf Werder zu sprechen, denn: V\u00f6llig \u00fcberraschend mischten die von Thomas Schaaf trainierten Bremer vor 20 Jahren die Bundesliga auf. Johan Micoud zauberte auf der Zehn und &#8222;Kugelblitz&#8220; Ailton erzielte Tor um Tor. Mit Spektakel-Fu\u00dfball eilte der SV Werder von Sieg zu Sieg, eroberte die Herzen der Fu\u00dfballfans &#8211; und trieb Uli Hoene\u00df zur Wei\u00dfglut. Am 8. Mai vor 20 Jahren gewannen die Bremer ausgerechnet in M\u00fcnchen am 32. Spieltag die Deutsche Meisterschaft. Drei Wochen sp\u00e4ter holten sie auch noch den DFB-Pokal. Bis heute ist das Double der gr\u00f6\u00dfte Erfolg der Vereinsgeschichte.<\/p>\n<p><img src=\"https:\/\/www.willizblog.de\/pics\/sw_werder2024.jpg\" alt=\"SV Werder Bremen 2024\" title=\"SV Werder Bremen 2024\" \/><br \/>\nSV Werder Bremen 2024<\/p>\n<p>In der ARD Mediathek zu sehen: <a href=\"https:\/\/www.ardmediathek.de\/video\/sportclub\/das-werder-maerchen-2004-20-jahre-double\/ndr\/Y3JpZDovL25kci5kZS9wcm9wbGFuXzE5NjM1MzE0OV9nYW56ZVNlbmR1bmc\" rel=\"noopener\" target=\"_blank\"><strong>Das Werder-M\u00e4rchen 2004 \u2013 20 Jahre Double<\/strong><\/a> (knapp 30 Minuten zum Genie\u00dfen) \u2013 Video verf\u00fcgbar bis 12.05.2025 \u2013 23 Uhr 50<\/p>\n","protected":false},"excerpt":{"rendered":"<p>Mit Fu\u00dfball habe ich seit der Weltmeisterschaft 2022 in Katar (fast) nichts mehr am Hut. Gilt auch f\u00fcr den SV Werder Bremen. Okay, Werder stieg 2021 ab und schaffte den sofortigen Wiederaufstieg in die Bundesliga. Hier nun bewegt sich die Mannschaft im Mittelfeld mit sehr unterschiedlichen Leistungen. Guten und erfolgreichen Spielen folgen immer wieder Spiele, &hellip; <a href=\"https:\/\/willizblog.de\/?p=11982\" class=\"more-link\"><span class=\"screen-reader-text\">Vor 20 Jahren: Werder-M\u00e4rchen 2004 \u2013 20 Jahre Double<\/span> weiterlesen <span class=\"meta-nav\">&rarr;<\/span><\/a><\/p>\n","protected":false},"author":1,"featured_media":0,"comment_status":"open","ping_status":"open","sticky":false,"template":"","format":"standard","meta":[],"categories":[27],"tags":[],"_links":{"self":[{"href":"https:\/\/willizblog.de\/index.php?rest_route=\/wp\/v2\/posts\/11982"}],"collection":[{"href":"https:\/\/willizblog.de\/index.php?rest_route=\/wp\/v2\/posts"}],"about":[{"href":"https:\/\/willizblog.de\/index.php?rest_route=\/wp\/v2\/types\/post"}],"author":[{"embeddable":true,"href":"https:\/\/willizblog.de\/index.php?rest_route=\/wp\/v2\/users\/1"}],"replies":[{"embeddable":true,"href":"https:\/\/willizblog.de\/index.php?rest_route=%2Fwp%2Fv2%2Fcomments&post=11982"}],"version-history":[{"count":1,"href":"https:\/\/willizblog.de\/index.php?rest_route=\/wp\/v2\/posts\/11982\/revisions"}],"predecessor-version":[{"id":11983,"href":"https:\/\/willizblog.de\/index.php?rest_route=\/wp\/v2\/posts\/11982\/revisions\/11983"}],"wp:attachment":[{"href":"https:\/\/willizblog.de\/index.php?rest_route=%2Fwp%2Fv2%2Fmedia&parent=11982"}],"wp:term":[{"taxonomy":"category","embeddable":true,"href":"https:\/\/willizblog.de\/index.php?rest_route=%2Fwp%2Fv2%2Fcategories&post=11982"},{"taxonomy":"post_tag","embeddable":true,"href":"https:\/\/willizblog.de\/index.php?rest_route=%2Fwp%2Fv2%2Ftags&post=11982"}],"curies":[{"name":"wp","href":"https:\/\/api.w.org\/{rel}","templated":true}]}}