{"id":12007,"date":"2025-02-11T15:34:46","date_gmt":"2025-02-11T15:34:46","guid":{"rendered":"https:\/\/willizblog.de\/?p=12007"},"modified":"2025-02-11T15:35:09","modified_gmt":"2025-02-11T15:35:09","slug":"die-gespaltene-gesellschaft-2-mutterkomplex-und-die-schatten-koalition","status":"publish","type":"post","link":"https:\/\/willizblog.de\/?p=12007","title":{"rendered":"Die gespaltene Gesellschaft (2): \u201aMutterkomplex\u2018 und die \u201aSchatten-Koalition\u2018"},"content":{"rendered":"<p>Ist es sp\u00e4te Rache an Angela Merkel, die Friedrich Merz auszu\u00fcben gedenkt? Ist es gar so etwas wie ein \u201aMutterkomplex\u2018? Nenne ich es \u201aMuttikomplex\u2018, denn Frau Merkel wurde bekanntlich oft \u201aMutti\u2018 genannt. Herr Merz m\u00f6chte uns zur\u00fcck ins letzte Jahrhundert katapultieren und Errungenschaften, die unter den Regierungen von Frau Merkel erreicht wurden, r\u00fcckg\u00e4ngig machen. Ich denke nur an den Atomausstieg. Ein Thema wie Klimawandel kommt in seiner Agenda nicht vor. Mit einem Bundeskanzler wie er wird blinder Aktionismus betrieben, der die Probleme von Morgen ignoriert.<\/p>\n<p><img src=\"https:\/\/www.willizblog.de\/pics\/merz_merkel.jpg\" alt=\"Friedrich Merz vs. Angela Merkel\" title=\"Friedrich Merz vs. Angela Merkel\" \/><br \/>\nFriedrich Merz vs. Angela Merkel<\/p>\n<p>Dass Merz der neue Bundeskanzler wird, ist kaum noch zu vermeiden. Aber allein wird auch er nicht regieren k\u00f6nnen. Also mit wem? Die FDP des Herrn Lindner hofft immer noch, die 5-Prozent-H\u00fcrde zu \u00fcbersteigen und br\u00e4uchte dazu Leihstimmen von der Union. Au\u00dferdem will Lindner mitregieren. Merz dazu: \u201eVier Prozent sind vier Prozent zu viel f\u00fcr die FDP\u201c, denn in Umfragen liegen die Neo-Wirtschaftsliberalen seit Langem unter der magischen Marke von 5 Prozent.<\/p>\n<p>So oder so m\u00fcsste die SPD oder gar die Gr\u00fcnen als Koalitionspartner gewonnen werden. Die Gr\u00fcnen scheiden zumindest laut Herrn S\u00f6der aus, wobei ich den Gr\u00fcnen anempfehle, eine Koalition mit CDU\/CSU zu meiden. Bleibt also die SPD mit Scholz als Vizekanzler. Auch wenn die Sozialdemokraten nicht immer das halten, was sie versprechen, so d\u00fcrfte es z.B. in der Frage des Asylrechts (warum ist dieses Thema so hochgepuscht?) keine Ann\u00e4herung geben (oder doch?)<\/p>\n<p>Was ich sehe ist das, das wir Ende Januar im Bundestag erlebt haben, als der Antrag von Herrn Merz dank der Rechtsextremen eine Mehrheit gewann \u2013 eine Art \u201aSchatten-Koalition\u2018 zwischen Union und AfD, n\u00e4mlich dann, wenn die SPD nicht mitstimmt. Okay, das klingt nach Verschw\u00f6rung. Aber Herr Merz schielt ja nach Umfrageergebnisse und sieht da, dass viele B\u00fcrgerinnen und B\u00fcrger (rund 37 %) ein versch\u00e4rftes Asylrecht und dabei auch die Zusammenarbeit von Union und AfD akzeptierten. Erschreckend, wie unbedarft, geradezu naiv, viele Menschen in Deutschland mit dem Rechtsextremismus, der zunehmend salonf\u00e4hig zu werden scheint, umgehen.<\/p>\n","protected":false},"excerpt":{"rendered":"<p>Ist es sp\u00e4te Rache an Angela Merkel, die Friedrich Merz auszu\u00fcben gedenkt? Ist es gar so etwas wie ein \u201aMutterkomplex\u2018? Nenne ich es \u201aMuttikomplex\u2018, denn Frau Merkel wurde bekanntlich oft \u201aMutti\u2018 genannt. Herr Merz m\u00f6chte uns zur\u00fcck ins letzte Jahrhundert katapultieren und Errungenschaften, die unter den Regierungen von Frau Merkel erreicht wurden, r\u00fcckg\u00e4ngig machen. Ich &hellip; <a href=\"https:\/\/willizblog.de\/?p=12007\" class=\"more-link\"><span class=\"screen-reader-text\">Die gespaltene Gesellschaft (2): \u201aMutterkomplex\u2018 und die \u201aSchatten-Koalition\u2018<\/span> weiterlesen <span class=\"meta-nav\">&rarr;<\/span><\/a><\/p>\n","protected":false},"author":1,"featured_media":0,"comment_status":"open","ping_status":"open","sticky":false,"template":"","format":"standard","meta":[],"categories":[29],"tags":[],"_links":{"self":[{"href":"https:\/\/willizblog.de\/index.php?rest_route=\/wp\/v2\/posts\/12007"}],"collection":[{"href":"https:\/\/willizblog.de\/index.php?rest_route=\/wp\/v2\/posts"}],"about":[{"href":"https:\/\/willizblog.de\/index.php?rest_route=\/wp\/v2\/types\/post"}],"author":[{"embeddable":true,"href":"https:\/\/willizblog.de\/index.php?rest_route=\/wp\/v2\/users\/1"}],"replies":[{"embeddable":true,"href":"https:\/\/willizblog.de\/index.php?rest_route=%2Fwp%2Fv2%2Fcomments&post=12007"}],"version-history":[{"count":2,"href":"https:\/\/willizblog.de\/index.php?rest_route=\/wp\/v2\/posts\/12007\/revisions"}],"predecessor-version":[{"id":12009,"href":"https:\/\/willizblog.de\/index.php?rest_route=\/wp\/v2\/posts\/12007\/revisions\/12009"}],"wp:attachment":[{"href":"https:\/\/willizblog.de\/index.php?rest_route=%2Fwp%2Fv2%2Fmedia&parent=12007"}],"wp:term":[{"taxonomy":"category","embeddable":true,"href":"https:\/\/willizblog.de\/index.php?rest_route=%2Fwp%2Fv2%2Fcategories&post=12007"},{"taxonomy":"post_tag","embeddable":true,"href":"https:\/\/willizblog.de\/index.php?rest_route=%2Fwp%2Fv2%2Ftags&post=12007"}],"curies":[{"name":"wp","href":"https:\/\/api.w.org\/{rel}","templated":true}]}}