{"id":12010,"date":"2025-02-12T21:10:24","date_gmt":"2025-02-12T21:10:24","guid":{"rendered":"https:\/\/willizblog.de\/?p=12010"},"modified":"2025-02-12T21:11:51","modified_gmt":"2025-02-12T21:11:51","slug":"die-gespaltene-gesellschaft-3-aktionismus-und-instrumentalisierung","status":"publish","type":"post","link":"https:\/\/willizblog.de\/?p=12010","title":{"rendered":"Die gespaltene Gesellschaft (3): Aktionismus und Instrumentalisierung"},"content":{"rendered":"<p>Politiker neigen schnell zu \u201ablindem Aktionismus\u2018. Sobald das Wahlvolk st\u00f6hnt, muss etwas geschehen \u2013 auf Teufel komm raus. Daher ist diese Art von Aktionismus h\u00e4ufig falscher Aktionismus: Er ist nichts als Augenwischerei. In einigen F\u00e4llen dient er sogar dazu, Unf\u00e4higkeit und \u00dcberforderung zu kaschieren.<\/p>\n<p><img src=\"https:\/\/www.willizblog.de\/pics\/stopp_blinden_aktionismus.jpg\" alt=\"Stopp f\u00fcr blinden Aktionismus\" title=\"Stopp f\u00fcr blinden Aktionismus\" \/><br \/>\nStopp f\u00fcr blinden Aktionismus<\/p>\n<p>Es gibt an dem <a href=\"https:\/\/de.wikipedia.org\/wiki\/Anschlag_auf_den_Magdeburger_Weihnachtsmarkt\" rel=\"noopener\" target=\"_blank\">Anschlag auf dem Weihnachtsmarkt in Magdeburg<\/a> nichts zu besch\u00f6nigen. Entsetzlich finde ich die abscheuliche Tat des <a href=\"https:\/\/de.wikipedia.org\/wiki\/Messerangriff_in_Aschaffenburg_2025\" rel=\"noopener\" target=\"_blank\">Messerangriffs in Aschaffenburg<\/a>. Aber in Zeiten des Wahlkampfs greifen Politiker schnell zu Etiketten, ohne das eigentliche Problem, \u201edas Abdriften einsamer M\u00e4nner in eine psychische Krankheit\u201c, wahrhaben zu wollen. Sowohl in Magdeburg als auch Aschaffenburg war das leider der Fall \u2013 unabh\u00e4ngig von der Herkunft der T\u00e4ter.<\/p>\n<p>Und da das Wahlvolk nach solchen Grausamkeiten nach versch\u00e4rften Ma\u00dfnahmen im Asylrecht schreit \u2013 und gerade Wahlkampf ist -, muss es \u201abefriedigt\u2018 werden. Ob die bestehenden Rechtsnormen ausreichend sind, spielt keine Rolle. Sie sind zwar ausreichend, aber werden zu lasch gehandhabt. M\u00f6gen es Fehler einzelner Beh\u00f6rdenangestellter sein, mag es daran liegen, das in den obliegenden Beh\u00f6rden nicht genug Personal vorhanden ist, um effektiv zu handeln.<\/p>\n<p>Neue Gesetze erfordern in der Regel mehr Aufwand. Was aber ist, wenn im derzeitigen Zustand wie gesagt die bestehenden Gesetze und Verordnungen nicht erf\u00fcllt werden k\u00f6nnen. Dann geht noch weniger.<\/p>\n<p>Ein anderes Problem ist die politische Vereinnahmung solcher Straftaten. Es klingt zynisch, aber gerade den Gruppierungen am \u00e4u\u00dfersten rechten Rand kommt es geradezu entgegen, wenn wieder einmal ein Asylant, ein Migrant ungeachtet seiner \u201aVorgeschichte\u2018 solche Verbrechen begeht.<\/p>\n<p>Ich will nicht ablenken, aber doch entgegenstellen und nur ein Beispiel auff\u00fchren: <a href=\"https:\/\/de.wikipedia.org\/wiki\/Femizid#In_Deutschland\" rel=\"noopener\" target=\"_blank\">Femizide<\/a>, also die T\u00f6tungen von Frauen oder M\u00e4dchen als extreme Form geschlechtsbezogener Gewalt, die im Kontext patriarchaler Geschlechterdifferenzen ver\u00fcbt werden. Nur als blo\u00dfe Zahl: 2023 waren es an erfassten F\u00e4llen von vollendetem Mord, Totschlag oder K\u00f6rperverletzung mit Todesfolge durch Partner oder Ex-Partner in Deutschland: 155. H\u00f6rt man von solchen F\u00e4llen, dann h\u00f6chstens in den Regionalnachrichten.<\/p>\n","protected":false},"excerpt":{"rendered":"<p>Politiker neigen schnell zu \u201ablindem Aktionismus\u2018. Sobald das Wahlvolk st\u00f6hnt, muss etwas geschehen \u2013 auf Teufel komm raus. Daher ist diese Art von Aktionismus h\u00e4ufig falscher Aktionismus: Er ist nichts als Augenwischerei. In einigen F\u00e4llen dient er sogar dazu, Unf\u00e4higkeit und \u00dcberforderung zu kaschieren. Stopp f\u00fcr blinden Aktionismus Es gibt an dem Anschlag auf dem &hellip; <a href=\"https:\/\/willizblog.de\/?p=12010\" class=\"more-link\"><span class=\"screen-reader-text\">Die gespaltene Gesellschaft (3): Aktionismus und Instrumentalisierung<\/span> weiterlesen <span class=\"meta-nav\">&rarr;<\/span><\/a><\/p>\n","protected":false},"author":1,"featured_media":0,"comment_status":"open","ping_status":"open","sticky":false,"template":"","format":"standard","meta":[],"categories":[29],"tags":[],"_links":{"self":[{"href":"https:\/\/willizblog.de\/index.php?rest_route=\/wp\/v2\/posts\/12010"}],"collection":[{"href":"https:\/\/willizblog.de\/index.php?rest_route=\/wp\/v2\/posts"}],"about":[{"href":"https:\/\/willizblog.de\/index.php?rest_route=\/wp\/v2\/types\/post"}],"author":[{"embeddable":true,"href":"https:\/\/willizblog.de\/index.php?rest_route=\/wp\/v2\/users\/1"}],"replies":[{"embeddable":true,"href":"https:\/\/willizblog.de\/index.php?rest_route=%2Fwp%2Fv2%2Fcomments&post=12010"}],"version-history":[{"count":3,"href":"https:\/\/willizblog.de\/index.php?rest_route=\/wp\/v2\/posts\/12010\/revisions"}],"predecessor-version":[{"id":12013,"href":"https:\/\/willizblog.de\/index.php?rest_route=\/wp\/v2\/posts\/12010\/revisions\/12013"}],"wp:attachment":[{"href":"https:\/\/willizblog.de\/index.php?rest_route=%2Fwp%2Fv2%2Fmedia&parent=12010"}],"wp:term":[{"taxonomy":"category","embeddable":true,"href":"https:\/\/willizblog.de\/index.php?rest_route=%2Fwp%2Fv2%2Fcategories&post=12010"},{"taxonomy":"post_tag","embeddable":true,"href":"https:\/\/willizblog.de\/index.php?rest_route=%2Fwp%2Fv2%2Ftags&post=12010"}],"curies":[{"name":"wp","href":"https:\/\/api.w.org\/{rel}","templated":true}]}}