{"id":12019,"date":"2025-02-24T12:09:02","date_gmt":"2025-02-24T12:09:02","guid":{"rendered":"https:\/\/willizblog.de\/?p=12019"},"modified":"2025-02-24T12:11:28","modified_gmt":"2025-02-24T12:11:28","slug":"die-gespaltene-gesellschaft-4-rechtsrutsch-in-deutschen-landen","status":"publish","type":"post","link":"https:\/\/willizblog.de\/?p=12019","title":{"rendered":"Die gespaltene Gesellschaft (4): Rechtsrutsch in deutschen Landen"},"content":{"rendered":"<p>Das Ergebnis bei der gestrigen Bundestagswahl war absehbar: Bestrafung f\u00fcr die Parteien der Ampel-Koalition und Rechtsrutsch durch die Erfolge f\u00fcr Merz und AfD.<\/p>\n<p><img src=\"https:\/\/www.willizblog.de\/pics\/btw2025_ergebnis.jpg\" alt=\"Vorl\u00e4ufiges Endergebnis der Bundestagswahl 2025\" title=\"Vorl\u00e4ufiges Endergebnis der Bundestagswahl 2025\" \/><br \/>\nVorl\u00e4ufiges Endergebnis der Bundestagswahl 2025<\/p>\n<p>Schaut man gen Osten, da \u00fcberkommt mich das nackte Grauen: In fast allen Wahlkreisen hat die AfD die Mehrheit, teilweise sogar absolut mit \u00fcber 50 %. <\/p>\n<p><img src=\"https:\/\/www.willizblog.de\/pics\/btw2025_wahlkreise.jpg\" alt=\"Erststimme \u2013 st\u00e4rkste Kraft in den Wahlkreisen\" title=\"Erststimme \u2013 st\u00e4rkste Kraft in den Wahlkreisen\" \/><br \/>\nErststimme \u2013 st\u00e4rkste Kraft in den Wahlkreisen<\/p>\n<p>Der Jubel bei den Rechtsau\u00dfen war gro\u00df, aber nicht euphorisch. Denn an eine Regierungsbeteiligung ist nicht zu denken, wenn man Herrn Merz Glauben schenken kann \u2013 es sei denn in einer <a href=\"https:\/\/willizblog.de\/?p=12007\" rel=\"noopener\" target=\"_blank\">\u201aSchatten-Koalition\u2018<\/a>, z.B. wenn es um die Frage der Versch\u00e4rfung des Asylrechts geht.<\/p>\n<p>Es sieht also nach einer schwarz-roten Koalition aus. Die SPD-Spitze will aber zuvor eine Mitgliederbefragung starten. Ergebnis: offen.<\/p>\n<p>Ich bin sicherlich kein Freund der Wagenknecht-Partei. Man stelle sich aber einmal vor, diese h\u00e4tte die 5-%-H\u00fcrde geschafft. Dann h\u00e4tte Herr Merz auch noch die Gr\u00fcnen an Bord holen m\u00fcssen, dann w\u00e4re es mit den linken und gr\u00fcnen Spinnern immer noch nicht zu Ende. Eigentlich schade!<\/p>\n<p>Ist klar: Frau Wagenknecht wird das Ergebnis dieser Wahl noch einmal juristisch \u00fcberpr\u00fcfen lassen. Nur wird dabei wohl nicht viel herauskommen.<\/p>\n<p>Aber zum Positiven dieser Wahl: Lindner und die FDP wurden in die W\u00fcste geschickt. Herr Lindner tritt zur\u00fcck und wird wohl wieder unternehmerisch t\u00e4tig werden. Vielleicht mit mehr Gl\u00fcck.<\/p>\n<p>Auch Frau Wagenknecht wird sich den Bundestag k\u00fcnftig von au\u00dfen oder von den Besucherr\u00e4ngen anschauen d\u00fcrfen.<\/p>\n<p>Was die Gr\u00fcnen anbelangt, so sollten die sich endlich wieder auf ihre wahren Ziele besinnen. Nichts gegen Herrn Habeck, aber er war und ist ein Sch\u00f6nredner, den das schlichtete Wahlvolk nicht so recht zu verstehen scheint. Leider sind heute Parolen gefragt und nicht Argumente, die auf Fakten beruhen. Ich hatte mich schon gefragt, warum er sich unbedingt zum Kanzlerkandidaten k\u00fcren lie\u00df, bei null Aussichten, Kanzler zu werden. H\u00e4tte es nicht mit der Betitelung \u201aSpitzenkandidat\u2019 gen\u00fcgt? Jetzt verzichtet er auf eine weitere F\u00fchrungsrolle in seiner Partei. Viellicht nicht das Schlechteste?! &#8211; Nat\u00fcrlich wird ein Thema wie Klimakrise von Herrn Merz unten den Tisch gekehrt. Die Gr\u00fcnen sollten sich in den n\u00e4chsten Jahren wieder finden und als Oppositionspartei der dann neuen Regierung geh\u00f6rig einheizen.<\/p>\n<p>Zur SPD und Herrn Scholz f\u00e4llt mir heute nicht viel ein. Warten wir ab, wie die Parteimitglieder eine m\u00f6gliche Koalition mit der Union bewerten. Sollten sie kneifen, dann st\u00e4nde der Weg f\u00fcr eine rechts-extremrechte Regierung offen. Da mag Herr Merz reden, was er will. Oder eine Minderheitsregierung? Oder baldige Neuwahlen?<\/p>\n<p>Die Rechenk\u00fcnste von Herrn Merz sind beachtlich. Wollte er einst die W\u00e4hlerstimmen f\u00fcr die AfD halbieren, so sind sie jetzt verdoppelt. Gespannt bin ich auch, wie er zuk\u00fcnftig jedermanns Steuererkl\u00e4rung auf einen Bierdeckel bekommen wird. Nachdem der gute Mann die SPD als linke Spinner geschimpft hat, sollte es seine W\u00e4hler verwundern, wenn er jetzt eine Koalition mit ihnen eingeht. Klar, war alles nur \u201aWahlkrampf\u2018 \u2026! Also als CDU-W\u00e4hler f\u00fchlte ich mich schon ziemlich verarscht \u2026! &#8211; Das Folgende stammt nicht von mir, wird aber von mir unterschrieben:<\/p>\n<p><iframe loading=\"lazy\" src=\"https:\/\/www.facebook.com\/plugins\/post.php?href=https%3A%2F%2Fwww.facebook.com%2Fruthe.de%2Fposts%2Fpfbid02BzsE3ppH4krkVTiXSRzC9QRRpB2L5KmrRB9dzAVKf6iVNbbt6BgUJFmAXDudbFJBl&#038;show_text=true&#038;width=500\" width=\"500\" height=\"362\" style=\"border:none;overflow:hidden\" scrolling=\"no\" frameborder=\"0\" allowfullscreen=\"true\" allow=\"autoplay; clipboard-write; encrypted-media; picture-in-picture; web-share\"><\/iframe><\/p>\n<p>Zuletzt ein gruseliger Blick auf <a href=\"https:\/\/wahlen.landkreis-harburg.de\/bw2025\/ergebnisse_stimmbezirk_03353035007.html\" rel=\"noopener\" target=\"_blank\">mein Wahllokal in Tostedt<\/a>. In meiner Nachbarschaft gibt es also auch jede Menge Pfeifen, die die AfD gew\u00e4hlt haben. Okay, die Wahlbeteiligung war mit 59,9 % hier weit geringer als auf gesamter Bundesebene (83,5 %). Aber schlimm genug ist diese Mehrheit schon \u2026<\/p>\n<p><img src=\"https:\/\/www.willizblog.de\/pics\/btw2025_tostedt707.jpg\" alt=\"Wahlkreis 36 Harburg \u2013 SG Tostedt \u2013 Tostedt \u2013 Realschule IV (707)\" title=\"Wahlkreis 36 Harburg \u2013 SG Tostedt \u2013 Tostedt \u2013 Realschule IV (707)\" \/><br \/>\nWahlkreis 36 Harburg \u2013 SG Tostedt \u2013 Tostedt \u2013 Realschule IV (707)<\/p>\n","protected":false},"excerpt":{"rendered":"<p>Das Ergebnis bei der gestrigen Bundestagswahl war absehbar: Bestrafung f\u00fcr die Parteien der Ampel-Koalition und Rechtsrutsch durch die Erfolge f\u00fcr Merz und AfD. Vorl\u00e4ufiges Endergebnis der Bundestagswahl 2025 Schaut man gen Osten, da \u00fcberkommt mich das nackte Grauen: In fast allen Wahlkreisen hat die AfD die Mehrheit, teilweise sogar absolut mit \u00fcber 50 %. Erststimme &hellip; <a href=\"https:\/\/willizblog.de\/?p=12019\" class=\"more-link\"><span class=\"screen-reader-text\">Die gespaltene Gesellschaft (4): Rechtsrutsch in deutschen Landen<\/span> weiterlesen <span class=\"meta-nav\">&rarr;<\/span><\/a><\/p>\n","protected":false},"author":1,"featured_media":0,"comment_status":"open","ping_status":"open","sticky":false,"template":"","format":"standard","meta":[],"categories":[29],"tags":[],"_links":{"self":[{"href":"https:\/\/willizblog.de\/index.php?rest_route=\/wp\/v2\/posts\/12019"}],"collection":[{"href":"https:\/\/willizblog.de\/index.php?rest_route=\/wp\/v2\/posts"}],"about":[{"href":"https:\/\/willizblog.de\/index.php?rest_route=\/wp\/v2\/types\/post"}],"author":[{"embeddable":true,"href":"https:\/\/willizblog.de\/index.php?rest_route=\/wp\/v2\/users\/1"}],"replies":[{"embeddable":true,"href":"https:\/\/willizblog.de\/index.php?rest_route=%2Fwp%2Fv2%2Fcomments&post=12019"}],"version-history":[{"count":3,"href":"https:\/\/willizblog.de\/index.php?rest_route=\/wp\/v2\/posts\/12019\/revisions"}],"predecessor-version":[{"id":12022,"href":"https:\/\/willizblog.de\/index.php?rest_route=\/wp\/v2\/posts\/12019\/revisions\/12022"}],"wp:attachment":[{"href":"https:\/\/willizblog.de\/index.php?rest_route=%2Fwp%2Fv2%2Fmedia&parent=12019"}],"wp:term":[{"taxonomy":"category","embeddable":true,"href":"https:\/\/willizblog.de\/index.php?rest_route=%2Fwp%2Fv2%2Fcategories&post=12019"},{"taxonomy":"post_tag","embeddable":true,"href":"https:\/\/willizblog.de\/index.php?rest_route=%2Fwp%2Fv2%2Ftags&post=12019"}],"curies":[{"name":"wp","href":"https:\/\/api.w.org\/{rel}","templated":true}]}}