{"id":1203,"date":"2008-05-26T08:50:41","date_gmt":"2008-05-26T06:50:41","guid":{"rendered":"http:\/\/www.willizblog.de\/?p=1203"},"modified":"2008-06-10T14:25:04","modified_gmt":"2008-06-10T12:25:04","slug":"fusball-em-2008-%e2%80%93-musikalisch","status":"publish","type":"post","link":"https:\/\/willizblog.de\/?p=1203","title":{"rendered":"Fu\u00dfball-EM 2008 \u2013 musikalisch"},"content":{"rendered":"<p>In weniger als zwei Wochen starte die <a href=\"https:\/\/de.wikipedia.org\/wiki\/Fu%C3%9Fball-Europameisterschaft_2008\" target=\"_blank\">Fu\u00dfball-Europameisterschaft 2008<\/a> in der Schweiz und in \u00d6sterreich. Damit man sich schon heute musikalisch darauf einstimmen kann, gibt es die verschiedensten EM-Liedchen, so auch eines, das vom Deutschen Fu\u00dfballbund (DFB) initiiert wurde: Die Gruppe <a href=\"http:\/\/www.heute.de\/ZDFheute\/inhalt\/23\/0,3672,7243831,00.html\" target=\"_blank\">Revolverheld<\/a> intoniert das Lied \u201eHelden 2008\u201c und beschw\u00f6rt darin u.a. den \u201aGeist\u2019 der WM 2006 bzw. den von Bern 1954 (\u201eDas Fu\u00dfballwunder geht weiter &#8230;\u201c). In teutonischer Bescheidenheit wird auch schnell der kommende Sieger ausgemacht (\u201eWir werden Europameister!\u201c). Der Reim \u201eweiter\u201c auf \u201eMeister\u201c ist zwar arg holprig, aber was reimt sich schon auf Meister (h\u00f6chstens Scheibenkleister: Was f\u00fcr ein gro\u00dfer Scheibenkleister \u2013 wir werden nicht Europameister?!). Das Liedchen ist ziemlich eing\u00e4ngig und ganz auf den etwas simplen Geschmack deutscher Fu\u00dfballfans abgestellt:<\/p>\n<p>&#8222;Helden 2008&#8220; der Hamburger Gruppe Revolverheld <a href=\"http:\/\/de.youtube.com\/watch?v=9ceSwIwXZus\" target=\"_blank\">[youtube]<\/a> \u2013 <a href=\"http:\/\/www.zdf.de\/ZDFmediathek\/content\/501116?inPopup=true\" target=\"_blank\">[zdf.de &#8211; in besserer Aufl\u00f6sung]<\/a><\/p>\n<p><img src=\"https:\/\/www.willizblog.de\/blogpicts\/euro_2008.jpg\" alt=\"Fu\u00dfball-Europameisterschaft 2008 - Schweiz \/ \u00d6sterreich\" \/><\/p>\n<p>Nat\u00fcrlich bieten auch die Gastgeber ihre EM-Songs. \u00d6sterreich (und der \u00d6FB) fiebert mit Christina St\u00fcrmer (nomen est omen?!) der EM entgegen (\u201eWir haben Fieber! &#8230; fiebert mit!\u201c). Von all den Liedern wohl das beste:<\/p>\n<p>Christina St\u00fcrmer &#8211; Fieber <a href=\"http:\/\/de.youtube.com\/watch?v=PjOU76dkmjc\" target=\"_blank\">[youtube]<\/a> \u2013 <a href=\"http:\/\/www.zdf.de\/ZDFmediathek\/content\/499846?inPopup=true\" target=\"_blank\">[zdf.de &#8211; in besserer Aufl\u00f6sung]<\/a><\/p>\n<p>Gelassen Schweizerisch (so auch in <a href=\"https:\/\/de.wikipedia.org\/wiki\/Schweizerdeutsch\" target=\"_blank\">Switzerd\u00fctsch<\/a>) kommt Sebastian B\u00fcrgin alias <a href=\"http:\/\/de.youtube.com\/watch?v=83QgVRSlVK8\" target=\"_blank\">Baschi mit &#8222;Chum bring en hei&#8220;<\/a> daher. Interessant der Chor, der wie ein fu\u00dfballerischer Schlachtenchor klingt. Herrn Oliver Pocher muss das Lied wohl auch gefallen, denn er begl\u00fcckt uns mit einer hochdeutschen Fassung (Kommt, bringt ihn heim). Geld stinkt bekanntlich nicht, und irgendwie partizipiert jeder gern an solchen Gro\u00dfereignissen.<\/p>\n<p>Wie weit man sich bei der Hinwendung zum Massengeschmack auch geografisch von seinen Fans entfernen kann, demonstriert die UEFA. Sie schickt Jamaikas Pop-Export Shaggy mit einer Strand-Hymne ins Alpen-Rennen. Ein scheu\u00dflich-sch\u00f6nes Lied:<\/p>\n<p><a href=\"http:\/\/de.youtube.com\/watch?v=J_3zRh6HeZs\" target=\"_blank\">Official EM Song UEFA EURO 2008\u2122 by Shaggy: Like a Superstar<\/a><\/p>\n<p>Aber dem noch nicht genug. <em>DJ Bobo<\/em> begl\u00fcckt uns ebenso mit flotten Rhythmen: <a href=\"http:\/\/de.youtube.com\/watch?v=_Kdqd278_D0\" target=\"_blank\">Ol\u00e9 Ol\u00e9<\/a> (ich dachte die EM findet in der Schweiz und \u00d6sterreich statt und nicht in Spanien \u2013 oder sollte das das Lied des spanischen Fu\u00dfballverbandes sein?).<\/p>\n<p>Immerhin verschonen uns <em>DJ \u00d6tzi<\/em>, Peter Alexander und Udo J\u00fcrgens mit ihren gesanglichen Beitr\u00e4gen in Sachen Fu\u00dfball-EM. <em>Wen\u2019s gef\u00e4llt &#8230;.?!<\/em><\/p>\n<p><a href=\"http:\/\/de.euro2008.uefa.com\/index.html\" target=\"_blank\">Offizielle Website der UEFA zur Euro 2008<\/a><\/p>\n<p>&#8230; hier noch ein <strong>Nachschlag<\/strong> in Sachen: <a href=\"http:\/\/www.br-online.de\/bayern3\/musik-center\/fussballsongs-DID1211958229262\/index.xml\" target=\"_blank\">Fu\u00dfballsongs<\/a><\/p>\n","protected":false},"excerpt":{"rendered":"<p>In weniger als zwei Wochen starte die Fu\u00dfball-Europameisterschaft 2008 in der Schweiz und in \u00d6sterreich. Damit man sich schon heute musikalisch darauf einstimmen kann, gibt es die verschiedensten EM-Liedchen, so auch eines, das vom Deutschen Fu\u00dfballbund (DFB) initiiert wurde: Die Gruppe Revolverheld intoniert das Lied \u201eHelden 2008\u201c und beschw\u00f6rt darin u.a. den \u201aGeist\u2019 der WM &hellip; <a href=\"https:\/\/willizblog.de\/?p=1203\" class=\"more-link\"><span class=\"screen-reader-text\">Fu\u00dfball-EM 2008 \u2013 musikalisch<\/span> weiterlesen <span class=\"meta-nav\">&rarr;<\/span><\/a><\/p>\n","protected":false},"author":1,"featured_media":0,"comment_status":"open","ping_status":"closed","sticky":false,"template":"","format":"standard","meta":[],"categories":[39],"tags":[],"_links":{"self":[{"href":"https:\/\/willizblog.de\/index.php?rest_route=\/wp\/v2\/posts\/1203"}],"collection":[{"href":"https:\/\/willizblog.de\/index.php?rest_route=\/wp\/v2\/posts"}],"about":[{"href":"https:\/\/willizblog.de\/index.php?rest_route=\/wp\/v2\/types\/post"}],"author":[{"embeddable":true,"href":"https:\/\/willizblog.de\/index.php?rest_route=\/wp\/v2\/users\/1"}],"replies":[{"embeddable":true,"href":"https:\/\/willizblog.de\/index.php?rest_route=%2Fwp%2Fv2%2Fcomments&post=1203"}],"version-history":[{"count":0,"href":"https:\/\/willizblog.de\/index.php?rest_route=\/wp\/v2\/posts\/1203\/revisions"}],"wp:attachment":[{"href":"https:\/\/willizblog.de\/index.php?rest_route=%2Fwp%2Fv2%2Fmedia&parent=1203"}],"wp:term":[{"taxonomy":"category","embeddable":true,"href":"https:\/\/willizblog.de\/index.php?rest_route=%2Fwp%2Fv2%2Fcategories&post=1203"},{"taxonomy":"post_tag","embeddable":true,"href":"https:\/\/willizblog.de\/index.php?rest_route=%2Fwp%2Fv2%2Ftags&post=1203"}],"curies":[{"name":"wp","href":"https:\/\/api.w.org\/{rel}","templated":true}]}}