{"id":1206,"date":"2008-05-27T07:14:25","date_gmt":"2008-05-27T05:14:25","guid":{"rendered":"http:\/\/www.willizblog.de\/?p=1206"},"modified":"2008-05-28T13:13:53","modified_gmt":"2008-05-28T11:13:53","slug":"ich-heis-%e2%80%93-du-cool","status":"publish","type":"post","link":"https:\/\/willizblog.de\/?p=1206","title":{"rendered":"Ich hei\u00df \u2013 du cool?"},"content":{"rendered":"<p>Nicht immer ist es das \u201aCoolste\u2019, nur cool zu sein. Manchmal macht er mehr Sinn, hei\u00df zu sein: Hei\u00df auf Mitsprache und Verantwortung! Hei\u00df zu sein auf umweltbewusstes Handeln.<\/p>\n<p>Von <a href=\"http:\/\/www.ejh.de\/Laju-Camp.337.0.html?&#038;tx_ttnews[backPid]=1&#038;tx_ttnews[tt_news]=663\" target=\"_blank\">Freitag, 30. Mai bis Sonntag, 1. Juni 2008<\/a> findet auf dem Gel\u00e4nde des Jugendhofs Sachsenhain in Verden\/Dauelsen das Landesjugendcamp der Evangelischen Jugend der Landeskirche Hannover statt.<\/p>\n<p><img src=\"https:\/\/www.willizblog.de\/blogpicts\/ich_heiss_du_cool_landesjugendcamp_2008.jpg\" alt=\"Ich hei\u00df - du cool?\" \/><\/p>\n<p>Auf dem Gel\u00e4nde des Evangelischen Jugendhofs Sachsenhain in Verden\/Dauelsen werden etwa 2 000 Jugendliche zusammenkommen und sich das Motto auf ganz unterschiedliche Weise zu eigen machen. Kreative Workshops, feierliche Gottesdienste, knallige Band\u2013Auftritte und viele weitere M\u00f6glichkeiten haben die vorbereitenden Gruppen aus den sechs  Sprengeln der Evangelisch\u2013lutherischen Landeskirche Hannovers und den christlichen Jugendverb\u00e4nden genutzt, um die Thematik \u00bbOrientierung f\u00fcr mich finden, Verantwortung \u00fcbernehmen, umweltbewusst handeln\u00ab erlebbar und fassbar zu machen.<\/p>\n<p><img src=\"https:\/\/www.willizblog.de\/blogpicts\/halb_so_wild.jpg\" alt=\"Halb So Wild - aus Tostedt\" \/><\/p>\n<p>Eine dieser \u201aknalligen Bands\u2019 ist die Gruppe \u201eHalb So Wild\u201c aus Tostedt, die am Freitagabend beim Bandcontest (zwischen 21.30 und 23.30 Uhr) auftreten wird. Mein Sohn Jan ist mit dabei (sowohl beim Landesjugendcamp als auch bei der Musik \u2013 u.a. am Banjo).<\/p>\n","protected":false},"excerpt":{"rendered":"<p>Nicht immer ist es das \u201aCoolste\u2019, nur cool zu sein. Manchmal macht er mehr Sinn, hei\u00df zu sein: Hei\u00df auf Mitsprache und Verantwortung! Hei\u00df zu sein auf umweltbewusstes Handeln. Von Freitag, 30. Mai bis Sonntag, 1. Juni 2008 findet auf dem Gel\u00e4nde des Jugendhofs Sachsenhain in Verden\/Dauelsen das Landesjugendcamp der Evangelischen Jugend der Landeskirche Hannover &hellip; <a href=\"https:\/\/willizblog.de\/?p=1206\" class=\"more-link\"><span class=\"screen-reader-text\">Ich hei\u00df \u2013 du cool?<\/span> weiterlesen <span class=\"meta-nav\">&rarr;<\/span><\/a><\/p>\n","protected":false},"author":1,"featured_media":0,"comment_status":"open","ping_status":"closed","sticky":false,"template":"","format":"standard","meta":[],"categories":[15,11],"tags":[],"_links":{"self":[{"href":"https:\/\/willizblog.de\/index.php?rest_route=\/wp\/v2\/posts\/1206"}],"collection":[{"href":"https:\/\/willizblog.de\/index.php?rest_route=\/wp\/v2\/posts"}],"about":[{"href":"https:\/\/willizblog.de\/index.php?rest_route=\/wp\/v2\/types\/post"}],"author":[{"embeddable":true,"href":"https:\/\/willizblog.de\/index.php?rest_route=\/wp\/v2\/users\/1"}],"replies":[{"embeddable":true,"href":"https:\/\/willizblog.de\/index.php?rest_route=%2Fwp%2Fv2%2Fcomments&post=1206"}],"version-history":[{"count":0,"href":"https:\/\/willizblog.de\/index.php?rest_route=\/wp\/v2\/posts\/1206\/revisions"}],"wp:attachment":[{"href":"https:\/\/willizblog.de\/index.php?rest_route=%2Fwp%2Fv2%2Fmedia&parent=1206"}],"wp:term":[{"taxonomy":"category","embeddable":true,"href":"https:\/\/willizblog.de\/index.php?rest_route=%2Fwp%2Fv2%2Fcategories&post=1206"},{"taxonomy":"post_tag","embeddable":true,"href":"https:\/\/willizblog.de\/index.php?rest_route=%2Fwp%2Fv2%2Ftags&post=1206"}],"curies":[{"name":"wp","href":"https:\/\/api.w.org\/{rel}","templated":true}]}}