{"id":12073,"date":"2025-05-12T10:53:41","date_gmt":"2025-05-12T10:53:41","guid":{"rendered":"https:\/\/willizblog.de\/?p=12073"},"modified":"2025-05-12T10:53:41","modified_gmt":"2025-05-12T10:53:41","slug":"ende-der-demokratie-3-patient-demokratie","status":"publish","type":"post","link":"https:\/\/willizblog.de\/?p=12073","title":{"rendered":"Ende der Demokratie!? (3): Patient Demokratie"},"content":{"rendered":"<p>Die Demokratie als Regierungsform ist gef\u00e4hrdet. Sie war es immer schon: vor allem von rechts. 1933 wurden die Nationalsozialisten unter Hitler auf demokratischem Wege gew\u00e4hlt. Im November letzten Jahres war es Trump, der erneut Pr\u00e4sident der USA wurde.<\/p>\n<p>Was f\u00fchrt dazu, dass die Demokratie derma\u00dfen in Gefahr geraten ist? Sind es die Altparteien, die die Zeichen der Zeit nicht verstehen? Sind es die sogenannten \u201aSozialen Medien\u2018, die uns mit Falschmeldungen \u00fcbersch\u00fctten und in denen jeder Ochse seine dem Stammtisch entspringenden \u201aMeinungen\u2018 kundtun kann?<\/p>\n<p><img src=\"https:\/\/www.willizblog.de\/pics\/demokratie2025.jpg\" alt=\"Demokratie\" title=\"Demokratie\" \/><br \/>\nDemokratie<\/p>\n<p>Die Altparteien: Wenn ich sehe, wie pl\u00f6tzlich wieder abgehalfterte Politiker wie Alexander Dobrindt (CSU) zum Bundesinnenminister werden, Julia Kl\u00f6ckner (CDU) zur Bundestagspr\u00e4sidentin und eben Friedrich Merz (CDU), von Frau Merkel seinerzeit in die W\u00fcste geschickt, sogar zum Bundeskanzler \u2013 und Saskia Esken (SPD) sich schmollend in eine Ecke verkriecht, weil sie kein Amt abbekommen hat \u2013 dann wundert es mich nicht, wenn die B\u00fcrgerinnen und B\u00fcrger keinen Bock mehr auf Politik haben, weil das Erheischen von \u00c4mtern wichtig ist als die Anliegen der Menschen, daf\u00fcr diese zu einem viel zu gro\u00dfen Anteil aus reiner Ignoranz Parteien w\u00e4hlen, die die Demokratie bedrohen.<\/p>\n<p>Hier m\u00f6chte ich all den Politikern \u201adanken\u2018, die es geschafft haben, alle Schuld an den Krisen, die uns in den letzten Jahren heimgesucht haben, den Gr\u00fcnen in die Schuhe zu schieben. Es ist meine Meinung, aber Robert Habeck als Bundeswirtschaftsminister (z.B. Ausbau der Windenergie, Gas aus neuen Quellen) und Annalena Baerbock haben einen guten Job gemacht; z.B. hatten Industrie, Wirtschaft und CDU\/CSU d\u00fcstere Szenarien von abgeschalteten Kraftwerken, Stromausf\u00e4llen im Winter und frierenden Rentnern gezeichnet. Es kam anders. W\u00e4re nicht dieser Egomane namens Lindner und seine wirtschaftlich neo-liberale Partei (die Strafe folgte auf dem Fu\u00dfe), Herr Menz w\u00e4re jetzt nicht Bundeskanzler.<\/p>\n<p>Ist die Demokratie also in der heutigen Form noch zeitgem\u00e4\u00df? Sollten nicht die regieren, die Sachverstand besitzen und nicht nur ihr F\u00e4hnlein in den Wind richten?<\/p>\n<p>Nat\u00fcrlich wird Politik nicht allein von den hohen \u201aW\u00fcrdetr\u00e4gern\u2018 gemacht. Im Hintergrund sitzen sicherlich Fachleute, die die \u201aVorgaben\u2018 von Menz und Co. in m\u00f6glichst realistisch umsetzbare Bahnen lenken. Da kommt dann nat\u00fcrlich der Begriff vom <a href=\"https:\/\/www.br.de\/nachrichten\/netzwelt\/deep-state-wie-sich-der-mythos-ausbreitet-faktenfuchs\" rel=\"noopener\" target=\"_blank\">\u201aDeep State\u2018<\/a>, vom \u201aStaat im Staate\u2018 ins Spiel. Seit Mitte der 2010er-Jahre verbreiten rechtsextreme und verschw\u00f6rungsideologische Kreise die Erz\u00e4hlung von einer angeblich geheimen Elite, die im Hintergrund die Regierung kontrolliere und demokratische Prozesse manipuliere. Der Mythos wurde von US-Pr\u00e4sident Donald Trump und der AfD verbreitet. Beide nutzen ihn gezielt, um politische Gegner und staatliche Institutionen zu diskreditieren. Was ist also dran am \u201aDeep State\u2018?<\/p>\n<p>Ich komme vom Weg ab. Was ich sehe, ist, dass sich die Politik immer mehr um Themen k\u00fcmmert, die vordergr\u00fcndig sind und den eigentlichen Bed\u00fcrfnissen der Bev\u00f6lkerung nicht entsprechen. Von rechts wird uns eine \u201aUmvolkung\u2018 eingeredet, von links die Gefahr eines 3. Weltkrieges, wenn der Westen weiterhin die Ukraine unterst\u00fctzt. <\/p>\n<p>Genug f\u00fcr heute. Demn\u00e4chst mehr in diesem Theater!<\/p>\n","protected":false},"excerpt":{"rendered":"<p>Die Demokratie als Regierungsform ist gef\u00e4hrdet. Sie war es immer schon: vor allem von rechts. 1933 wurden die Nationalsozialisten unter Hitler auf demokratischem Wege gew\u00e4hlt. Im November letzten Jahres war es Trump, der erneut Pr\u00e4sident der USA wurde. Was f\u00fchrt dazu, dass die Demokratie derma\u00dfen in Gefahr geraten ist? Sind es die Altparteien, die die &hellip; <a href=\"https:\/\/willizblog.de\/?p=12073\" class=\"more-link\"><span class=\"screen-reader-text\">Ende der Demokratie!? (3): Patient Demokratie<\/span> weiterlesen <span class=\"meta-nav\">&rarr;<\/span><\/a><\/p>\n","protected":false},"author":1,"featured_media":0,"comment_status":"open","ping_status":"open","sticky":false,"template":"","format":"standard","meta":[],"categories":[12],"tags":[],"_links":{"self":[{"href":"https:\/\/willizblog.de\/index.php?rest_route=\/wp\/v2\/posts\/12073"}],"collection":[{"href":"https:\/\/willizblog.de\/index.php?rest_route=\/wp\/v2\/posts"}],"about":[{"href":"https:\/\/willizblog.de\/index.php?rest_route=\/wp\/v2\/types\/post"}],"author":[{"embeddable":true,"href":"https:\/\/willizblog.de\/index.php?rest_route=\/wp\/v2\/users\/1"}],"replies":[{"embeddable":true,"href":"https:\/\/willizblog.de\/index.php?rest_route=%2Fwp%2Fv2%2Fcomments&post=12073"}],"version-history":[{"count":1,"href":"https:\/\/willizblog.de\/index.php?rest_route=\/wp\/v2\/posts\/12073\/revisions"}],"predecessor-version":[{"id":12074,"href":"https:\/\/willizblog.de\/index.php?rest_route=\/wp\/v2\/posts\/12073\/revisions\/12074"}],"wp:attachment":[{"href":"https:\/\/willizblog.de\/index.php?rest_route=%2Fwp%2Fv2%2Fmedia&parent=12073"}],"wp:term":[{"taxonomy":"category","embeddable":true,"href":"https:\/\/willizblog.de\/index.php?rest_route=%2Fwp%2Fv2%2Fcategories&post=12073"},{"taxonomy":"post_tag","embeddable":true,"href":"https:\/\/willizblog.de\/index.php?rest_route=%2Fwp%2Fv2%2Ftags&post=12073"}],"curies":[{"name":"wp","href":"https:\/\/api.w.org\/{rel}","templated":true}]}}