{"id":1208,"date":"2008-05-28T13:11:53","date_gmt":"2008-05-28T11:11:53","guid":{"rendered":"http:\/\/www.willizblog.de\/?p=1208"},"modified":"2008-05-28T13:11:53","modified_gmt":"2008-05-28T11:11:53","slug":"em-aufgebot-steht-fest","status":"publish","type":"post","link":"https:\/\/willizblog.de\/?p=1208","title":{"rendered":"EM-Aufgebot steht fest"},"content":{"rendered":"<p>Bundestrainer Joachim L\u00f6w hat sein <a href=\"http:\/\/sport.zdf.de\/ZDFsport\/inhalt\/9\/0,5676,7245513,00.html\" target=\"_blank\">endg\u00fcltiges 23-k\u00f6pfiges Aufgebot<\/a> f\u00fcr die Fu\u00dfball-Europameisterschaft bekannt gegeben. Danach sind die Spieler Helmes, Jones und Marin nicht dabei. Daf\u00fcr werden aber David Odonkor, Oliver Neuville und Piotr Trochowski, die zun\u00e4chst auch um ihren Platz im <a href=\"https:\/\/de.wikipedia.org\/wiki\/Kader\" target=\"_blank\">Kader<\/a> (wieso hei\u00dft das eigentlich auch Kader?) zittern mussten, dabei sein. Sie gingen beim &#8222;Casting&#8220; (L\u00f6w) als Sieger hervor.<\/p>\n<p>Nat\u00fcrlich kann man sich darum schlagen, ob man vielleicht einen so quirligen Spieler wie den 19-j\u00e4hrigen Marko Marin dabeihaben sollte und eine Schlaftablette wie Trochowski in die Ferien h\u00e4tte schicken sollen. Was aber Effektivit\u00e4t betrifft, so zeigte das magere Spiel gestern gegen Wei\u00dfrussland auf, da ist es u.a. bei Marin noch nicht allzu weit her (zu verspielt) und die Entscheidung verst\u00e4ndlich.<\/p>\n<p>Hier das Aufgebot der deutschen Mannschaft:<\/p>\n<p><strong>Tor:<\/strong> Jens Lehmann (FC Arsenal), Robert Enke (Hannover 96), Rene Adler (Bayer Leverkusen) <\/p>\n<p><strong>Abwehr:<\/strong> Christoph Metzelder (Real Madrid), Per Mertesacker (Werder Bremen), Philipp Lahm (Bayern M\u00fcnchen), Arne Friedrich (Hertha BSC Berlin), Marcell Jansen (Bayern M\u00fcnchen), Clemens Fritz (Werder Bremen), Heiko Westermann (Schalke 04) <\/p>\n<p><strong>Mittelfeld:<\/strong> Michael Ballack (FC Chelsea), Thomas Hitzlsperger (VfB Stuttgart), Simon Rolfes (Bayer Leverkusen), Torsten Frings (Werder Bremen), Bastian Schweinsteiger (Bayern M\u00fcnchen), Piotr Trochowski (Hamburger SV), Tim Borowski (Werder Bremen\/Bayern M\u00fcnchen), David Odonkor (Betis Sevilla) <\/p>\n<p><strong>Angriff:<\/strong> Miroslav Klose (Bayern M\u00fcnchen), Lukas Podolski (Bayern M\u00fcnchen), Mario Gomez (VfB Stuttgart), Kevin Kuranyi (Schalke 04), Oliver Neuville (Borussia M\u00f6nchengladbach) <\/p>\n<p>Warum ich eigentlich diesen Beitrag schreibe: Bei <em>spreeblick.com<\/em> las ich einen ebenso \u201akompetenten\u2019 wie witzigen <a href=\"http:\/\/www.spreeblick.com\/2008\/05\/27\/der-deutsche-kader-bei-der-em-2008\/\" target=\"_blank\">Beitrag zur Nominierung<\/a> des deutschen Kaders bei der EM 2008.<\/p>\n","protected":false},"excerpt":{"rendered":"<p>Bundestrainer Joachim L\u00f6w hat sein endg\u00fcltiges 23-k\u00f6pfiges Aufgebot f\u00fcr die Fu\u00dfball-Europameisterschaft bekannt gegeben. Danach sind die Spieler Helmes, Jones und Marin nicht dabei. Daf\u00fcr werden aber David Odonkor, Oliver Neuville und Piotr Trochowski, die zun\u00e4chst auch um ihren Platz im Kader (wieso hei\u00dft das eigentlich auch Kader?) zittern mussten, dabei sein. Sie gingen beim &#8222;Casting&#8220; &hellip; <a href=\"https:\/\/willizblog.de\/?p=1208\" class=\"more-link\"><span class=\"screen-reader-text\">EM-Aufgebot steht fest<\/span> weiterlesen <span class=\"meta-nav\">&rarr;<\/span><\/a><\/p>\n","protected":false},"author":1,"featured_media":0,"comment_status":"open","ping_status":"closed","sticky":false,"template":"","format":"standard","meta":[],"categories":[39],"tags":[],"_links":{"self":[{"href":"https:\/\/willizblog.de\/index.php?rest_route=\/wp\/v2\/posts\/1208"}],"collection":[{"href":"https:\/\/willizblog.de\/index.php?rest_route=\/wp\/v2\/posts"}],"about":[{"href":"https:\/\/willizblog.de\/index.php?rest_route=\/wp\/v2\/types\/post"}],"author":[{"embeddable":true,"href":"https:\/\/willizblog.de\/index.php?rest_route=\/wp\/v2\/users\/1"}],"replies":[{"embeddable":true,"href":"https:\/\/willizblog.de\/index.php?rest_route=%2Fwp%2Fv2%2Fcomments&post=1208"}],"version-history":[{"count":0,"href":"https:\/\/willizblog.de\/index.php?rest_route=\/wp\/v2\/posts\/1208\/revisions"}],"wp:attachment":[{"href":"https:\/\/willizblog.de\/index.php?rest_route=%2Fwp%2Fv2%2Fmedia&parent=1208"}],"wp:term":[{"taxonomy":"category","embeddable":true,"href":"https:\/\/willizblog.de\/index.php?rest_route=%2Fwp%2Fv2%2Fcategories&post=1208"},{"taxonomy":"post_tag","embeddable":true,"href":"https:\/\/willizblog.de\/index.php?rest_route=%2Fwp%2Fv2%2Ftags&post=1208"}],"curies":[{"name":"wp","href":"https:\/\/api.w.org\/{rel}","templated":true}]}}