{"id":1209,"date":"2008-05-31T00:03:58","date_gmt":"2008-05-30T22:03:58","guid":{"rendered":"http:\/\/www.willizblog.de\/?p=1209"},"modified":"2008-05-29T10:34:15","modified_gmt":"2008-05-29T08:34:15","slug":"blumenpracht-teil-13","status":"publish","type":"post","link":"https:\/\/willizblog.de\/?p=1209","title":{"rendered":"Blumenpracht Teil 13"},"content":{"rendered":"<p>Mit dem Mai geht der Fr\u00fchling langsam zu Ende. Viele Blumen wie die Tulpen sind bereits verbl\u00fcht. Daf\u00fcr sprie\u00dfen andere Pflanzen.<\/p>\n<p>Ich erinnere mich an Getreidefelder in meiner Kindheit, die von Kornblumen und Mohn ges\u00e4umt waren. Heute sieht man das leider nicht mehr, nicht nur der Giftigkeit der Pflanzen wegen. Und ich erinnere mich an Wiesen auf Sizilien im April 1992, die geradezu blutrot gef\u00e4rbt von Mohnblumen waren. Ein unvergesslicher Eindruck. Von daher liebe ich diese Pflanzen und freue mich \u00fcber einige von ihnen, die auch bei uns im Garten wachsen.<\/p>\n<table border=\"0\" cellpadding=\"5\" cellspacing=\"0\" width=\"100%\">\n<tr>\n<td width=\"50%\">\n<p align=\"center\"><img loading=\"lazy\" border=\"0\" src=\"https:\/\/www.willizblog.de\/blogpicts\/blumen2008_05_15.jpg\" alt=\"Blumenpracht in AlbinZ Garten - Mai 2008\" width=\"270\" height=\"203\"><\/td>\n<td width=\"50%\">\n<p align=\"center\"><img loading=\"lazy\" border=\"0\" src=\"https:\/\/www.willizblog.de\/blogpicts\/blumen2008_05_16.jpg\" alt=\"Blumenpracht in AlbinZ Garten - Mai 2008\" width=\"270\" height=\"203\"><\/td>\n<\/tr>\n<tr>\n<td width=\"100%\" colspan=\"2\">\n<p align=\"center\"><img loading=\"lazy\" border=\"0\" src=\"https:\/\/www.willizblog.de\/blogpicts\/blumen2008_05_17.jpg\" alt=\"Blumenpracht in AlbinZ Garten - Mai 2008\" width=\"270\" height=\"203\"><\/td>\n<\/tr>\n<tr>\n<td width=\"100%\" colspan=\"2\">\n<p align=\"center\"><font face=\"Lucida Grande, Lucida Sans Unicode, Verdana, sans-serif\" size=\"2\">Blumenpracht in AlbinZ Garten &#8211; Mai 2008<\/font><\/td>\n<\/tr>\n<tr>\n<td width=\"50%\">\n<p align=\"center\"><img loading=\"lazy\" border=\"0\" src=\"https:\/\/www.willizblog.de\/blogpicts\/blumen2008_05_18.jpg\" alt=\"Blumenpracht in AlbinZ Garten - Mai 2008\" width=\"270\" height=\"203\"><\/td>\n<td width=\"50%\">\n<p align=\"center\"><img loading=\"lazy\" border=\"0\" src=\"https:\/\/www.willizblog.de\/blogpicts\/blumen2008_05_19.jpg\" alt=\"Blumenpracht in AlbinZ Garten - Mai 2008\" width=\"270\" height=\"203\"><\/td>\n<\/tr>\n<\/table>\n","protected":false},"excerpt":{"rendered":"<p>Mit dem Mai geht der Fr\u00fchling langsam zu Ende. Viele Blumen wie die Tulpen sind bereits verbl\u00fcht. Daf\u00fcr sprie\u00dfen andere Pflanzen. Ich erinnere mich an Getreidefelder in meiner Kindheit, die von Kornblumen und Mohn ges\u00e4umt waren. Heute sieht man das leider nicht mehr, nicht nur der Giftigkeit der Pflanzen wegen. Und ich erinnere mich an &hellip; <a href=\"https:\/\/willizblog.de\/?p=1209\" class=\"more-link\"><span class=\"screen-reader-text\">Blumenpracht Teil 13<\/span> weiterlesen <span class=\"meta-nav\">&rarr;<\/span><\/a><\/p>\n","protected":false},"author":1,"featured_media":0,"comment_status":"open","ping_status":"closed","sticky":false,"template":"","format":"standard","meta":[],"categories":[16],"tags":[],"_links":{"self":[{"href":"https:\/\/willizblog.de\/index.php?rest_route=\/wp\/v2\/posts\/1209"}],"collection":[{"href":"https:\/\/willizblog.de\/index.php?rest_route=\/wp\/v2\/posts"}],"about":[{"href":"https:\/\/willizblog.de\/index.php?rest_route=\/wp\/v2\/types\/post"}],"author":[{"embeddable":true,"href":"https:\/\/willizblog.de\/index.php?rest_route=\/wp\/v2\/users\/1"}],"replies":[{"embeddable":true,"href":"https:\/\/willizblog.de\/index.php?rest_route=%2Fwp%2Fv2%2Fcomments&post=1209"}],"version-history":[{"count":0,"href":"https:\/\/willizblog.de\/index.php?rest_route=\/wp\/v2\/posts\/1209\/revisions"}],"wp:attachment":[{"href":"https:\/\/willizblog.de\/index.php?rest_route=%2Fwp%2Fv2%2Fmedia&parent=1209"}],"wp:term":[{"taxonomy":"category","embeddable":true,"href":"https:\/\/willizblog.de\/index.php?rest_route=%2Fwp%2Fv2%2Fcategories&post=1209"},{"taxonomy":"post_tag","embeddable":true,"href":"https:\/\/willizblog.de\/index.php?rest_route=%2Fwp%2Fv2%2Ftags&post=1209"}],"curies":[{"name":"wp","href":"https:\/\/api.w.org\/{rel}","templated":true}]}}