{"id":12105,"date":"2025-11-04T14:20:19","date_gmt":"2025-11-04T14:20:19","guid":{"rendered":"https:\/\/willizblog.de\/?p=12105"},"modified":"2025-11-04T14:20:19","modified_gmt":"2025-11-04T14:20:19","slug":"umberto-eco-die-insel-des-vorigen-tages-1995","status":"publish","type":"post","link":"https:\/\/willizblog.de\/?p=12105","title":{"rendered":"Umberto Eco: Die Insel des vorigen Tages (1995)"},"content":{"rendered":"<p>Umberto Ecos Roman <a href=\"https:\/\/amzn.to\/3L7Wvrr\" rel=\"noopener\" target=\"_blank\">\u201aDie Insel des vorigen Tages\u2018<\/a> aus dem Jahr 1995 (Originaltitel: L\u2019isola del giorno prima &#8211; Carl Hansa Verlag 2. Auflage 1995 &#8211; Aus dem Italienischen von Burkhart Kroeber) habe ich in diesen Tagen erneut gelesen. Dieser gilt uns einen Einblick in die Gedankenwelt des 17. Jahrhunderts und damit in das damalige Weltbild der Menschen. In dem Roman, der im Jahr 1643 spielt, landet ein gewisser Roberto de La Grive auf einem einsamen Schiff in der S\u00fcdsee. Er ist auf der Suche nach der Bestimmung des Meridians (L\u00e4ngengrad), der bis dato noch nicht bestimmt werden konnte (l\u00e4sst sich nur aus dem Unterschied zwischen Orts- und der Zeit auf dem Nullmeridian, heute in Greenwich bei London, bestimmen und wurde erst 1750 gel\u00f6st). \u00d6stlich von seinem Standort liegt eine Insel. Da er meint, sich auf dem 180 Grad L\u00e4nge zu befinden, also der Datumsgrenze, so l\u00e4ge die Insel \u201aim vorigen Tag\u2018. Im Fieber tr\u00e4umt er \u2026 Ich habe versucht, einige dieser Tr\u00e4ume mit Hilfe von KI darzustellen \u2013 Teil 1<\/p>\n<p><iframe loading=\"lazy\" width=\"458\" height=\"815\" src=\"https:\/\/www.youtube.com\/embed\/8VIqHxgMGhA\" title=\"Umberto Eco: Die Insel des vorigen Tages (1995) \u2013 Tr\u00e4ume des Roberto de La Grive (Teil 1)\" frameborder=\"0\" allow=\"accelerometer; autoplay; clipboard-write; encrypted-media; gyroscope; picture-in-picture; web-share\" referrerpolicy=\"strict-origin-when-cross-origin\" allowfullscreen><\/iframe><\/p>\n<p>Hier der 2. Teil der Tr\u00e4ume des Roberto de La Grive. Zwar ist die Umsetzung des Textes von Umberto Eco nicht so ganz gelungen, aber immerhin \u2026<br \/>\n<iframe loading=\"lazy\" width=\"458\" height=\"815\" src=\"https:\/\/www.youtube.com\/embed\/YhKYJ8EPnL0\" title=\"Umberto Eco: Die Insel des vorigen Tages (1995) \u2013 Tr\u00e4ume des Roberto de La Grive (Teil 2)\" frameborder=\"0\" allow=\"accelerometer; autoplay; clipboard-write; encrypted-media; gyroscope; picture-in-picture; web-share\" referrerpolicy=\"strict-origin-when-cross-origin\" allowfullscreen><\/iframe><\/p>\n<p>Wir schreiben das Jahr 1643. Die Niederlande k\u00e4mpfen gegen die spanische Krone, in Deutschland w\u00fctet immer noch der Drei\u00dfigj\u00e4hrige Krieg. In Frankreich herrscht der Absolutismus, In England ist B\u00fcrgerkrieg. Die Epoche des europ\u00e4ischen Barock, das Zeitalter der Aufkl\u00e4rung hat begonnen, und die Erde ist nicht mehr Mittelpunkt des Universums.<\/p>\n<p><img src=\"https:\/\/www.willizblog.de\/pics\/eco_insel_traum.jpg\" alt=\"Aus den Tr\u00e4umen des Roberto de La Grive\" title=\"Aus den Tr\u00e4umen des Roberto de La Grive\" \/><br \/>\nAus den Tr\u00e4umen des Roberto de La Grive<\/p>\n<p>Mitten in dieser turbulenten Zeit ist Roberto de La Grive, ein junger Piemontese, in geheimer. Mission und in allerh\u00f6chstem Auftrag unterwegs. Er ist nach einer abenteuerlichen Jugend nach Paris gekommen, ist dort in antiklerikale Kreise geraten und wird von Kardinal Mazazin pers\u00f6nlich vor die Wahl gestellt: Entweder verliert er Kopf und Kragen, oder er mu\u00df als Spion im Dienste Frankreichs einem Geheimnis auf die Spur kommen, das zu entr\u00e4tseln sich die seefahrenden Gro\u00dfm\u00e4chte verzweifelt bem\u00fchen &#8211; dem Geheimnis des Festen Punktes, der die L\u00e4ngengrade bestimmt, die allein es erm\u00f6glichen, einen einmal entdeckten Ort wiederzufinden. Roberto schifft sich ein auf der Amarilli, auf der sich n\u00e4chtens sinistre Dinge abspielen. Doch genau in dem Moment, als er, wie es scheint, der Aufkl\u00e4rung des R\u00e4tsels nahe gekommen ist, geht die Amarilli in einem Orkan mitten in der S\u00fcdsee unter, und nur Roberto kann sich retten. Tagelang treibt er im Meer umher, bis er auf ein verlassenes Schiff st\u00f6\u00dft. Aber nach einer Weile merkt er, da\u00df noch jemand au\u00dfer ihm an Bord der Daphne ist. Und der unheimliche Fremde ist, wie sich zeigt, hinter dem gleichen Ziel her wie Roberto, wenn auch aus anderen Gr\u00fcnden und mit anderen Mitteln.<\/p>\n<p>Doch zun\u00e4chst geht es ums \u00dcberleben. Wie sollen die beiden auf die in Sichtweite gelegene Insel kommen, die wie eine Fata Morgana mit allen m\u00f6glichen tropischen Verhei\u00dfungen zu ihnen her\u00fcberleuchtet, auf die Insel des vorigen Tages, die auf dem 180. Meridian liegt, also \u00f6stlich der Datumsgrenze? Beide k\u00f6nnen nicht schwimmen, und das Meer ist von todbringendem Getier bev\u00f6lkert. Der Fremde hat einen genialen Einfall, doch er kehrt nicht von seiner Reise zur Insel zur\u00fcck. <\/p>\n<p>In seiner Verlassenheit beginnt Roberto sich einen Roman auszudenken, dessen Hauptpersonen eine von ihm verehrte sch\u00f6ne Dame in Paris und sein Zwillingsbruder, sein Doppelg\u00e4nger, sind &#8211; eine d\u00e4monische Gestalt, die Verk\u00f6rperung des absolut B\u00f6sen. Immer dramatischer spitzt sich diese Handlung zu, immer mehr vermischen sich Wahn und Wirklichkeit, bis Roberto, in Gefahr, die Geliebte zu verlieren, der erl\u00f6sende Einfall kommt\u2026 <\/p>\n<p>Roberto de La Grive, unterwegs mit einer geheimen wissenschaftlichen Expedition, erleidet Schiffbruch in der S\u00fcdsee und landet nicht auf einer einsamen Insel, sondern auf einem Schiff voller exotischer Pflanzen und V\u00f6gel, Me\u00dfinstrumente und merkw\u00fcrdiger Ger\u00e4tschaften. Wieder zu Kr\u00e4ften gekommen, merkt er, da\u00df sich au\u00dfer ihm offenbar noch ein anderer Mensch auf dem Schiff befindet\u2026<br \/>\nSo beginnt Umberto Ecos dritter Roman, der in einer Zeit des politischen Chaos, des materiellen Elends und feudalen Glanzes, finstersten Aberglaubens und wissenschaftlicher Revolutionen spielt: zu Beginn des 17. Jahrhunderts. Abenteuerroman, Liebesgeschichte und historisches Panorama &#8211; Eco erfindet den gewaltigen Kosmos eines ganzen Jahrhunderts neu, und vor dem Auge des gebannten Lesers entsteht die Epoche des Barock\u2026 <\/p>\n","protected":false},"excerpt":{"rendered":"<p>Umberto Ecos Roman \u201aDie Insel des vorigen Tages\u2018 aus dem Jahr 1995 (Originaltitel: L\u2019isola del giorno prima &#8211; Carl Hansa Verlag 2. Auflage 1995 &#8211; Aus dem Italienischen von Burkhart Kroeber) habe ich in diesen Tagen erneut gelesen. Dieser gilt uns einen Einblick in die Gedankenwelt des 17. Jahrhunderts und damit in das damalige Weltbild &hellip; <a href=\"https:\/\/willizblog.de\/?p=12105\" class=\"more-link\"><span class=\"screen-reader-text\">Umberto Eco: Die Insel des vorigen Tages (1995)<\/span> weiterlesen <span class=\"meta-nav\">&rarr;<\/span><\/a><\/p>\n","protected":false},"author":1,"featured_media":0,"comment_status":"open","ping_status":"open","sticky":false,"template":"","format":"standard","meta":[],"categories":[14],"tags":[],"_links":{"self":[{"href":"https:\/\/willizblog.de\/index.php?rest_route=\/wp\/v2\/posts\/12105"}],"collection":[{"href":"https:\/\/willizblog.de\/index.php?rest_route=\/wp\/v2\/posts"}],"about":[{"href":"https:\/\/willizblog.de\/index.php?rest_route=\/wp\/v2\/types\/post"}],"author":[{"embeddable":true,"href":"https:\/\/willizblog.de\/index.php?rest_route=\/wp\/v2\/users\/1"}],"replies":[{"embeddable":true,"href":"https:\/\/willizblog.de\/index.php?rest_route=%2Fwp%2Fv2%2Fcomments&post=12105"}],"version-history":[{"count":1,"href":"https:\/\/willizblog.de\/index.php?rest_route=\/wp\/v2\/posts\/12105\/revisions"}],"predecessor-version":[{"id":12106,"href":"https:\/\/willizblog.de\/index.php?rest_route=\/wp\/v2\/posts\/12105\/revisions\/12106"}],"wp:attachment":[{"href":"https:\/\/willizblog.de\/index.php?rest_route=%2Fwp%2Fv2%2Fmedia&parent=12105"}],"wp:term":[{"taxonomy":"category","embeddable":true,"href":"https:\/\/willizblog.de\/index.php?rest_route=%2Fwp%2Fv2%2Fcategories&post=12105"},{"taxonomy":"post_tag","embeddable":true,"href":"https:\/\/willizblog.de\/index.php?rest_route=%2Fwp%2Fv2%2Ftags&post=12105"}],"curies":[{"name":"wp","href":"https:\/\/api.w.org\/{rel}","templated":true}]}}