{"id":1214,"date":"2008-06-05T00:03:49","date_gmt":"2008-06-04T22:03:49","guid":{"rendered":"http:\/\/www.willizblog.de\/?p=1214"},"modified":"2008-06-03T08:35:41","modified_gmt":"2008-06-03T06:35:41","slug":"telekom-ade-%e2%80%93-teil-2","status":"publish","type":"post","link":"https:\/\/willizblog.de\/?p=1214","title":{"rendered":"Telekom ade?! \u2013 Teil 2"},"content":{"rendered":"<p>Juhu, unsere Hoffnungen wurden nicht entt\u00e4uscht. Unseren Internet- samt Telefonanschluss haben wir gewechselt und auch die Umschalterei klappte reibungslos. Endlich sind wir weg von der Telekom und haben bei der <a href=\"http:\/\/www.ewetel.de\/\" target=\"_blank\">EWE TEL<\/a> ein \u201aneues\u2019 Zuhause samt DSL- und Telefonflatrate gefunden.<\/p>\n<p><a href=\"https:\/\/willizblog.de\/?p=1179\" target=\"_blank\">Wie bereits berichtet<\/a>, hatten wir unseren alten Vertrag gek\u00fcndigt und Ausschau nach einem g\u00fcnstigen neuen Anbieter gehalten. Wenn man allerdings nicht in einer Gro\u00dfstadt lebt, dann ist die Auswahl an g\u00fcnstigen Anbietern sehr gering (oder man muss weiterhin einen Telekom-Anschluss haben, was zus\u00e4tzliche Kosten verursacht).<\/p>\n<p>Da wir nun Strom und Gas von der <a href=\"http:\/\/www.ewe.de\/\" target=\"_blank\">EWE AG<\/a> bekommen, ergab sich die M\u00f6glichkeit bei deren Tochterunternehmen, eben der EWE TEL, \u00fcber einen Vertrag namens EWE Trio zus\u00e4tzlich einen Anschluss an die weltweite Telekommunikation abzuschlie\u00dfen, was wir taten.<\/p>\n<p><img src=\"https:\/\/www.willizblog.de\/blogpicts\/ewe_ewetel.jpg\" alt=\"EWE AG - EWE TEL - g\u00fcnstig Strom, Gas &#038; Telekommunikation\" \/><\/p>\n<p>Und nun rechtzeitig zum vereinbarten Termin (Montag, den 02.06.) wurde irgendwann am Morgen die Leitung frei- bzw. umgeschaltet. An unserem Router brauchte ich nur den Benutzernamen samt Passwort \u00e4ndern \u2013 und schon konnten wir nicht nur telefonieren, sondern auch ohne Probleme wieder ins Internet.<\/p>\n<p>Nat\u00fcrlich gab es im Vorfeld schon einige kleinere Probleme. Und so hat mir die Telekom auch noch \u201arechtzeitig\u2019 f\u00fcr den gesamten Juni den alten Anschluss in Rechnung gestellt (das dauert jetzt wieder Monate, bis ich das Geld zur\u00fcckerhalte, oder?).<\/p>\n<p>Besonders beeindruckend, fast r\u00fchrend war es, wie die alten Anbieter (freenet.de f\u00fcr den DSL-Anschluss, Tele2 f\u00fcr die Telefonie) bem\u00fcht waren, uns als Kunden zu halten. So wurden wir nicht nur mit entsprechenden Mails \u00fcberflutet, nein, auch per Post kamen Briefe mit so \u201ag\u00fcnstigen\u2019 Angebote. Und zuletzt wurden wir auch noch telefonisch \u201abel\u00e4stigt\u2019. <\/p>\n<p>Nun ja, der Wechsel hat geklappt, was wollen wir mehr. Und auch auf dem Lande kann man ohne die Dienste der Telekom auskommen, wenn man einen entsprechenden lokalen bzw. regionalen Anbieter findet.<\/p>\n","protected":false},"excerpt":{"rendered":"<p>Juhu, unsere Hoffnungen wurden nicht entt\u00e4uscht. Unseren Internet- samt Telefonanschluss haben wir gewechselt und auch die Umschalterei klappte reibungslos. Endlich sind wir weg von der Telekom und haben bei der EWE TEL ein \u201aneues\u2019 Zuhause samt DSL- und Telefonflatrate gefunden. Wie bereits berichtet, hatten wir unseren alten Vertrag gek\u00fcndigt und Ausschau nach einem g\u00fcnstigen neuen &hellip; <a href=\"https:\/\/willizblog.de\/?p=1214\" class=\"more-link\"><span class=\"screen-reader-text\">Telekom ade?! \u2013 Teil 2<\/span> weiterlesen <span class=\"meta-nav\">&rarr;<\/span><\/a><\/p>\n","protected":false},"author":1,"featured_media":0,"comment_status":"open","ping_status":"closed","sticky":false,"template":"","format":"standard","meta":[],"categories":[8],"tags":[],"_links":{"self":[{"href":"https:\/\/willizblog.de\/index.php?rest_route=\/wp\/v2\/posts\/1214"}],"collection":[{"href":"https:\/\/willizblog.de\/index.php?rest_route=\/wp\/v2\/posts"}],"about":[{"href":"https:\/\/willizblog.de\/index.php?rest_route=\/wp\/v2\/types\/post"}],"author":[{"embeddable":true,"href":"https:\/\/willizblog.de\/index.php?rest_route=\/wp\/v2\/users\/1"}],"replies":[{"embeddable":true,"href":"https:\/\/willizblog.de\/index.php?rest_route=%2Fwp%2Fv2%2Fcomments&post=1214"}],"version-history":[{"count":0,"href":"https:\/\/willizblog.de\/index.php?rest_route=\/wp\/v2\/posts\/1214\/revisions"}],"wp:attachment":[{"href":"https:\/\/willizblog.de\/index.php?rest_route=%2Fwp%2Fv2%2Fmedia&parent=1214"}],"wp:term":[{"taxonomy":"category","embeddable":true,"href":"https:\/\/willizblog.de\/index.php?rest_route=%2Fwp%2Fv2%2Fcategories&post=1214"},{"taxonomy":"post_tag","embeddable":true,"href":"https:\/\/willizblog.de\/index.php?rest_route=%2Fwp%2Fv2%2Ftags&post=1214"}],"curies":[{"name":"wp","href":"https:\/\/api.w.org\/{rel}","templated":true}]}}