{"id":1215,"date":"2008-06-06T00:03:17","date_gmt":"2008-06-05T22:03:17","guid":{"rendered":"http:\/\/www.willizblog.de\/?p=1215"},"modified":"2011-02-24T14:12:13","modified_gmt":"2011-02-24T13:12:13","slug":"respekt-herr-geisler","status":"publish","type":"post","link":"https:\/\/willizblog.de\/?p=1215","title":{"rendered":"Respekt, Herr Gei\u00dfler"},"content":{"rendered":"<p><a href=\"https:\/\/de.wikipedia.org\/wiki\/Heiner_Gei%C3%9Fler\" target=\"_blank\">Heiner Gei\u00dfler<\/a> war und ist eine streitbare und daher umstrittene Pers\u00f6nlichkeit der Politik. 1977 beschuldigte er viele linke und liberale Kulturschaffende und Politiker der Bundesrepublik Deutschland als \u201eSympathisanten des Terrors\u201c (der RAF). Willy Brandt warf Gei\u00dfler 1985 vor, der \u201eschlimmste Hetzer seit Goebbels zu sein\u201c. Auf der anderen Seite konnte er auch seine eigene Partei, die CDU, als \u201ef\u00fchrerkultische Partei\u201c (auf die Rolle Helmut Kohls anspielend) bezeichnen.<\/p>\n<p>Von daher \u00fcberrascht der 78-J\u00e4hrige (oder \u00fcberrascht auch wieder nicht), wenn er sich seit Mai 2007 in der globalisierungskritischen Organisation <a href=\"http:\/\/www.attac.de\/\" target=\"_blank\">Attac<\/a> engagiert. Zu 10 Jahre Bestehen von <a href=\"https:\/\/de.wikipedia.org\/wiki\/Attac\" target=\"_blank\">Attac<\/a> \u00e4u\u00dferte sich Herr Gei\u00dfler nun gegen\u00fcber zdf.de: <a href=\"http:\/\/www.heute.de\/ZDFheute\/inhalt\/3\/0,3672,7246851,00.html\" target=\"_blank\">&#8222;Der reine Kapitalismus ist krank&#8220; &#8211; CDU-Politiker Gei\u00dfler \u00fcber zehn Jahre Attac<\/a><\/p>\n<p>Hier einige Ausz\u00fcge aus dem Interview. Den Aussagen von Herrn Gei\u00dfler kann ich nur meinen vollen Respekt zollen:<\/p>\n<p>&#8230;<\/p>\n<p><em>Es ist ja nun kein Geheimnis, dass die j\u00e4hrliche Spekulationsblase der Finanzindustrie 90 Billionen Dollar betr\u00e4gt. Erst diese Immobilienkrise, die das Eigentum von Millionen Menschen zerst\u00f6rte, hat manchen jetzt die Augen ge\u00f6ffnet.<\/em><\/p>\n<p><em>Das derzeitige Wirtschaftssystem definiert sich im Moment rein kapitalistisch &#8211; das ist krank und unsittlich. Wie kann es sein, dass der B\u00f6rsenwert eines Unternehmens steigt, sobald Angestellte wegrationalisiert werden?<\/em><\/p>\n<p><em>Die Globalisierung an sich ist nat\u00fcrlich nicht mehr r\u00fcckg\u00e4ngig zu machen. Und nat\u00fcrlich sitzt die Wirtschaft, weil sie global agiert, da am l\u00e4ngeren Hebel. Deswegen wird es notwendig, dass die Politik sich internationalisiert und damit wieder mit der \u00d6konomie auf eine Augenh\u00f6he kommt.<br \/>\nEntscheidend w\u00e4re au\u00dferdem eine internationale B\u00f6rsenumsatzsteuer [die so genannte <a href=\"https:\/\/de.wikipedia.org\/wiki\/Tobin-Steuer\" target=\"_blank\">Tobin-Steuer<\/a>], um mit diesem frei werdenden Geld den Entwicklungsl\u00e4ndern zu helfen. Bei 0,02 Prozent Tobin-Steuer bei einem b\u00f6rsent\u00e4glichen Umsatz von zwei Billionen w\u00fcrden 500 Milliarden Euro frei. Damit k\u00f6nnten wir die gesamten Infrastrukturprobleme in Afrika und S\u00fcdostasien l\u00f6sen. Dann br\u00e4uchten wir unser Geld nicht mehr so stark in klassische Entwicklungshilfe stecken, sondern k\u00f6nnten mehr in Bildung investieren. Au\u00dferdem m\u00fcsste eine internationale B\u00f6rsen- und Bankenaufsicht eingef\u00fchrt, die Steueroasen geschlossen und die Weltinstitutionen IWF, WTO und Weltbank demokratisiert werden.<\/em><\/p>\n","protected":false},"excerpt":{"rendered":"<p>Heiner Gei\u00dfler war und ist eine streitbare und daher umstrittene Pers\u00f6nlichkeit der Politik. 1977 beschuldigte er viele linke und liberale Kulturschaffende und Politiker der Bundesrepublik Deutschland als \u201eSympathisanten des Terrors\u201c (der RAF). Willy Brandt warf Gei\u00dfler 1985 vor, der \u201eschlimmste Hetzer seit Goebbels zu sein\u201c. Auf der anderen Seite konnte er auch seine eigene Partei, &hellip; <a href=\"https:\/\/willizblog.de\/?p=1215\" class=\"more-link\"><span class=\"screen-reader-text\">Respekt, Herr Gei\u00dfler<\/span> weiterlesen <span class=\"meta-nav\">&rarr;<\/span><\/a><\/p>\n","protected":false},"author":1,"featured_media":0,"comment_status":"open","ping_status":"closed","sticky":false,"template":"","format":"standard","meta":[],"categories":[15,12],"tags":[],"_links":{"self":[{"href":"https:\/\/willizblog.de\/index.php?rest_route=\/wp\/v2\/posts\/1215"}],"collection":[{"href":"https:\/\/willizblog.de\/index.php?rest_route=\/wp\/v2\/posts"}],"about":[{"href":"https:\/\/willizblog.de\/index.php?rest_route=\/wp\/v2\/types\/post"}],"author":[{"embeddable":true,"href":"https:\/\/willizblog.de\/index.php?rest_route=\/wp\/v2\/users\/1"}],"replies":[{"embeddable":true,"href":"https:\/\/willizblog.de\/index.php?rest_route=%2Fwp%2Fv2%2Fcomments&post=1215"}],"version-history":[{"count":0,"href":"https:\/\/willizblog.de\/index.php?rest_route=\/wp\/v2\/posts\/1215\/revisions"}],"wp:attachment":[{"href":"https:\/\/willizblog.de\/index.php?rest_route=%2Fwp%2Fv2%2Fmedia&parent=1215"}],"wp:term":[{"taxonomy":"category","embeddable":true,"href":"https:\/\/willizblog.de\/index.php?rest_route=%2Fwp%2Fv2%2Fcategories&post=1215"},{"taxonomy":"post_tag","embeddable":true,"href":"https:\/\/willizblog.de\/index.php?rest_route=%2Fwp%2Fv2%2Ftags&post=1215"}],"curies":[{"name":"wp","href":"https:\/\/api.w.org\/{rel}","templated":true}]}}