{"id":1216,"date":"2008-06-07T00:04:09","date_gmt":"2008-06-06T22:04:09","guid":{"rendered":"http:\/\/www.willizblog.de\/?p=1216"},"modified":"2008-06-06T08:27:20","modified_gmt":"2008-06-06T06:27:20","slug":"blumenpracht-teil-14","status":"publish","type":"post","link":"https:\/\/willizblog.de\/?p=1216","title":{"rendered":"Blumenpracht Teil 14"},"content":{"rendered":"<p>Von den Unwettern dieser Tage, wie diese \u00fcber West- und S\u00fcddeutschland hereingebrochen sind, wurden wir hier im Norden halbwegs verschont. Zwar gewitterte es am Dienstagnachmittag und es regnete auch im Str\u00f6men, aber Hagel und st\u00e4rkere Sturmb\u00f6en blieben uns erspart.<\/p>\n<p>So wurden auch die Bl\u00fcten an den B\u00fcschen in unserem Garten nicht \u201aerschlagen\u2019, sondern zeigen sich weiterhin in voller Pracht, auch wenn sie jetzt beginnen, so langsam zu verbl\u00fchen.<\/p>\n<table border=\"0\" cellpadding=\"5\" cellspacing=\"0\" width=\"100%\">\n<tr>\n<td width=\"50%\">\n<p align=\"center\"><img loading=\"lazy\" border=\"0\" src=\"https:\/\/www.willizblog.de\/blogpicts\/blumen2008_05_20.jpg\" alt=\"Blumenpracht in AlbinZ Garten - Juni 2008\" width=\"270\" height=\"203\"><\/td>\n<td width=\"50%\">\n<p align=\"center\"><img loading=\"lazy\" border=\"0\" src=\"https:\/\/www.willizblog.de\/blogpicts\/blumen2008_05_23.jpg\" alt=\"Blumenpracht in AlbinZ Garten - Juni 2008\" width=\"202\" height=\"270\"><\/td>\n<\/tr>\n<tr>\n<td width=\"100%\" colspan=\"2\">\n<p align=\"center\"><font face=\"Lucida Grande, Lucida Sans Unicode, Verdana, sans-serif\" size=\"2\">Blumenpracht in AlbinZ Garten &#8211;       Juni 2008<\/font><\/td>\n<\/tr>\n<tr>\n<td width=\"50%\">\n<p align=\"center\"><img loading=\"lazy\" border=\"0\" src=\"https:\/\/www.willizblog.de\/blogpicts\/blumen2008_05_22.jpg\" alt=\"Blumenpracht in AlbinZ Garten - Juni 2008\" width=\"202\" height=\"270\"><\/td>\n<td width=\"50%\">\n<p align=\"center\"><img loading=\"lazy\" border=\"0\" src=\"https:\/\/www.willizblog.de\/blogpicts\/blumen2008_05_21.jpg\" alt=\"Blumenpracht in AlbinZ Garten - Juni 2008\" width=\"270\" height=\"203\"><\/td>\n<\/tr>\n<\/table>\n","protected":false},"excerpt":{"rendered":"<p>Von den Unwettern dieser Tage, wie diese \u00fcber West- und S\u00fcddeutschland hereingebrochen sind, wurden wir hier im Norden halbwegs verschont. Zwar gewitterte es am Dienstagnachmittag und es regnete auch im Str\u00f6men, aber Hagel und st\u00e4rkere Sturmb\u00f6en blieben uns erspart. So wurden auch die Bl\u00fcten an den B\u00fcschen in unserem Garten nicht \u201aerschlagen\u2019, sondern zeigen sich &hellip; <a href=\"https:\/\/willizblog.de\/?p=1216\" class=\"more-link\"><span class=\"screen-reader-text\">Blumenpracht Teil 14<\/span> weiterlesen <span class=\"meta-nav\">&rarr;<\/span><\/a><\/p>\n","protected":false},"author":1,"featured_media":0,"comment_status":"open","ping_status":"closed","sticky":false,"template":"","format":"standard","meta":[],"categories":[16],"tags":[],"_links":{"self":[{"href":"https:\/\/willizblog.de\/index.php?rest_route=\/wp\/v2\/posts\/1216"}],"collection":[{"href":"https:\/\/willizblog.de\/index.php?rest_route=\/wp\/v2\/posts"}],"about":[{"href":"https:\/\/willizblog.de\/index.php?rest_route=\/wp\/v2\/types\/post"}],"author":[{"embeddable":true,"href":"https:\/\/willizblog.de\/index.php?rest_route=\/wp\/v2\/users\/1"}],"replies":[{"embeddable":true,"href":"https:\/\/willizblog.de\/index.php?rest_route=%2Fwp%2Fv2%2Fcomments&post=1216"}],"version-history":[{"count":0,"href":"https:\/\/willizblog.de\/index.php?rest_route=\/wp\/v2\/posts\/1216\/revisions"}],"wp:attachment":[{"href":"https:\/\/willizblog.de\/index.php?rest_route=%2Fwp%2Fv2%2Fmedia&parent=1216"}],"wp:term":[{"taxonomy":"category","embeddable":true,"href":"https:\/\/willizblog.de\/index.php?rest_route=%2Fwp%2Fv2%2Fcategories&post=1216"},{"taxonomy":"post_tag","embeddable":true,"href":"https:\/\/willizblog.de\/index.php?rest_route=%2Fwp%2Fv2%2Ftags&post=1216"}],"curies":[{"name":"wp","href":"https:\/\/api.w.org\/{rel}","templated":true}]}}