{"id":1226,"date":"2008-06-18T07:01:26","date_gmt":"2008-06-18T05:01:26","guid":{"rendered":"http:\/\/www.willizblog.de\/?p=1226"},"modified":"2008-06-18T07:17:39","modified_gmt":"2008-06-18T05:17:39","slug":"tostedt-ist-bunt-%e2%80%93-2008","status":"publish","type":"post","link":"https:\/\/willizblog.de\/?p=1226","title":{"rendered":"Tostedt ist bunt \u2013 2008"},"content":{"rendered":"<p>Es hat etwas gedauert, bis nach 2002 jetzt endlich das 3. B\u00fcrgerfest in Tostedt stattfindet. Anlass ist das 10-j\u00e4hrige Bestehen des <a href=\"https:\/\/www.albinz.net\/tostedt\/zivil.html\" target=\"_blank\">Forums f\u00fcr Zivilcourage<\/a>, einem unabh\u00e4ngigen Gremium, in dem sich B\u00fcrgerinnen und B\u00fcrger aus Tostedt und Umgebung versammeln, um sich f\u00fcr Zivilcourage, Demokratie und Toleranz einzusetzen. Das B\u00fcrgerfest steht wieder unter dem Motto: Tostedt ist bunt.<\/p>\n<p><img src=\"https:\/\/www.albinz.net\/tostedt\/images\/tost_bunt.gif\" alt=\"Tostedt ist bunt - 2008\" \/><\/p>\n<p>Auftakt des B\u00fcrgerfestes ist eine Veranstaltung am Freitag, den 27.06.2008, in der <a href=\"http:\/\/www.vielharmonie-tostedt.de\/\" target=\"_blank\">Vielharmonie Tostedt<\/a>, Am Sande, ab 19 Uhr. Das eigentliche B\u00fcrgerfest findet am Samstag, den 28.06.2008 rund um den Ortskern \u201eAm Sande\u201c statt \u2013 Beginn: 14 Uhr \u2013 Ende zwischen 22 und 23 Uhr. Im Mittelpunkt steht ein internationales B\u00fcfett mit Spezialit\u00e4ten aus den unterschiedlichsten L\u00e4ndern der Welt. Immerhin sind in Tostedt \u00fcber 90 Nationalit\u00e4ten vertreten.<\/p>\n<p>Weitere Informationen zum B\u00fcrgerfest entnehmen Sie bitte dem anliegenden Begleitprogramm des B\u00fcrgerfestes: <a href=\"https:\/\/www.willizblog.de\/blogpicts\/tostedt_ist_bunt_2008.pdf\" target=\"_blank\">\u201eTostedt ist bunt&#8220;<\/a><\/p>\n<p>Hier <a href=\"https:\/\/www.albinz.net\/tostedt\/tobunt02.html\" target=\"_blank\">einige Fotos<\/a> vom letzten B\u00fcrgerfest vom 24. August 2002<\/p>\n","protected":false},"excerpt":{"rendered":"<p>Es hat etwas gedauert, bis nach 2002 jetzt endlich das 3. B\u00fcrgerfest in Tostedt stattfindet. Anlass ist das 10-j\u00e4hrige Bestehen des Forums f\u00fcr Zivilcourage, einem unabh\u00e4ngigen Gremium, in dem sich B\u00fcrgerinnen und B\u00fcrger aus Tostedt und Umgebung versammeln, um sich f\u00fcr Zivilcourage, Demokratie und Toleranz einzusetzen. Das B\u00fcrgerfest steht wieder unter dem Motto: Tostedt ist &hellip; <a href=\"https:\/\/willizblog.de\/?p=1226\" class=\"more-link\"><span class=\"screen-reader-text\">Tostedt ist bunt \u2013 2008<\/span> weiterlesen <span class=\"meta-nav\">&rarr;<\/span><\/a><\/p>\n","protected":false},"author":1,"featured_media":0,"comment_status":"open","ping_status":"closed","sticky":false,"template":"","format":"standard","meta":[],"categories":[11],"tags":[],"_links":{"self":[{"href":"https:\/\/willizblog.de\/index.php?rest_route=\/wp\/v2\/posts\/1226"}],"collection":[{"href":"https:\/\/willizblog.de\/index.php?rest_route=\/wp\/v2\/posts"}],"about":[{"href":"https:\/\/willizblog.de\/index.php?rest_route=\/wp\/v2\/types\/post"}],"author":[{"embeddable":true,"href":"https:\/\/willizblog.de\/index.php?rest_route=\/wp\/v2\/users\/1"}],"replies":[{"embeddable":true,"href":"https:\/\/willizblog.de\/index.php?rest_route=%2Fwp%2Fv2%2Fcomments&post=1226"}],"version-history":[{"count":0,"href":"https:\/\/willizblog.de\/index.php?rest_route=\/wp\/v2\/posts\/1226\/revisions"}],"wp:attachment":[{"href":"https:\/\/willizblog.de\/index.php?rest_route=%2Fwp%2Fv2%2Fmedia&parent=1226"}],"wp:term":[{"taxonomy":"category","embeddable":true,"href":"https:\/\/willizblog.de\/index.php?rest_route=%2Fwp%2Fv2%2Fcategories&post=1226"},{"taxonomy":"post_tag","embeddable":true,"href":"https:\/\/willizblog.de\/index.php?rest_route=%2Fwp%2Fv2%2Ftags&post=1226"}],"curies":[{"name":"wp","href":"https:\/\/api.w.org\/{rel}","templated":true}]}}