{"id":1236,"date":"2008-06-27T17:45:16","date_gmt":"2008-06-27T15:45:16","guid":{"rendered":"http:\/\/www.willizblog.de\/?p=1236"},"modified":"2008-06-30T14:05:39","modified_gmt":"2008-06-30T12:05:39","slug":"generationen-im-geschichtsverlauf","status":"publish","type":"post","link":"https:\/\/willizblog.de\/?p=1236","title":{"rendered":"Generationen im Geschichtsverlauf"},"content":{"rendered":"<p>Schon <a href=\"https:\/\/www.willizblog.de\/?p=1211\" target=\"_blank\">Aristoteles<\/a> lehrte uns, in Schubl\u00e4dchen zu denken. Und so gibt es solch schiebbare K\u00e4stchen, die zu einem Schrank mit Namen \u201eGeneration\u201c geh\u00f6ren, um den Begriff Generation dem Verlauf der Geschichte gem\u00e4\u00df zu klassifizieren. Auf gut Deutsch gesagt: Jeder geh\u00f6rt einer bestimmten Generation an.<\/p>\n<p>Gehen wir von der (noch) lebenden Bev\u00f6lkerung aus, so beginnt es mit der &#8222;Verlorenen Generation&#8220; Ende des 19. Jahrhundert (Lost Generation). Das Ganze endet mit der \u201aaktuellen\u2019 Generation, die den h\u00fcbschen Namen \u201eiGeneration\u201c tr\u00e4gt. Dazu werden alle die ab ca. 1993 Geborenen gez\u00e4hlt.<\/p>\n<p><img src=\"https:\/\/www.willizblog.de\/blogpicts\/igeneration.gif\" alt=\"iGeneration\" \/><\/p>\n<p>Hier eine kurze \u00dcbersicht, die allerdings dicht am Verlauf der amerikanischen Geschichte ausgerichtet ist. Wir hier in Deutschland haben teilweise andere Begriffe oder benutzen f\u00fcr einen bestimmten Generationenbegriff etwas abweichende Zeitr\u00e4ume (z.B. z\u00e4hlt man teilweise auch die in den 50er Jahren Geborenen der \u201eGeneration X\u201c zu):<\/p>\n<p>1. Die &#8222;Verlorene Generation&#8220; Ende des 19. Jahrhundert (Lost Generation)<br \/>\n2. Die &#8222;Gr\u00f6\u00dfte Generation&#8220; 1900 \u2013 1924 (Greatest Generation)<br \/>\n3. Die &#8222;Stille Generation&#8220; 1925 \u2013 1945 (Silent Generation)<br \/>\n4. Die <a href=\"https:\/\/de.wikipedia.org\/wiki\/Baby-Boomer\" target=\"_blank\">&#8222;Baby Boomer&#8220;<\/a> 1945 \u2013 1965 \u2013 in Deutschland gleichzusetzen mit den rebellischen &#8217;68ern<br \/>\n5. Die<a href=\"https:\/\/de.wikipedia.org\/wiki\/Generation_x\" target=\"_blank\">&#8222;Generation X&#8220;<\/a> 1960-1975 (60er und 70er Jahre) \u2013 in Dt.: <a href=\"https:\/\/de.wikipedia.org\/wiki\/Generation_Golf\" target=\"_blank\">Generation Golf<\/a><br \/>\n6. Die &#8222;MTV Generation&#8220; zw. 1975 und 1986<br \/>\n7. Die <a href=\"https:\/\/de.wikipedia.org\/wiki\/Millennials\" target=\"_blank\">&#8222;Millennial-Generation&#8220;<\/a> ca. 1983-1998 &#8211; auch &#8222;Generation Y&#8220; genannt<br \/>\n8. Die \u201eiGeneration\u201c nach 1993<\/p>\n<p>Eine Art Zwischengeneration ist die <a href=\"https:\/\/de.wikipedia.org\/wiki\/Beat_Generation\" target=\"_blank\">\u201eBeat Generation\u201c<\/a>, die allerdings im Wesentlichen eine Richtung der amerikanischen Literatur der 50er Jahre bezeichnet .<\/p>\n<p>Die &#8222;Lost Generation&#8220; war zynisch, die &#8222;Baby Boomer&#8220; individuell, die &#8222;iGeneration&#8220; lebt fast nur im Internet. Und im US-Wahlkampf treten jetzt die &#8222;Millennials&#8220; in den Fokus. Jeder Generation werden also bestimmte \u201eEigenschaften\u201c zugerechnet.<\/p>\n<p><a href=\"http:\/\/web.ard.de\/galerie\/content\/nothumbs\/default\/206\/html\/219_1667.html\" target=\"_blank\"><strong>Generationen im Geschichtsverlauf: Von der &#8222;Verlorenen Generation&#8220; zur &#8222;iGeneration\u201c<\/strong><\/a><\/p>\n<p>Siehe auch meine Beitr\u00e4ge: <a href=\"https:\/\/www.willizblog.de\/?p=143\" target=\"_blank\">Georg Heinzen &#8211; Uwe Koch: Von der Nutzlosigkeit, erwachsen zu werden<\/a> &#8212; <a href=\"https:\/\/www.willizblog.de\/?p=957\" target=\"_blank\">Jack Kerouac: Unterwegs \u2013 On the Road<\/a> &#8212; <a href=\"https:\/\/www.willizblog.de\/?p=931\" target=\"_blank\">technosexual lifestyle<\/a><\/p>\n","protected":false},"excerpt":{"rendered":"<p>Schon Aristoteles lehrte uns, in Schubl\u00e4dchen zu denken. Und so gibt es solch schiebbare K\u00e4stchen, die zu einem Schrank mit Namen \u201eGeneration\u201c geh\u00f6ren, um den Begriff Generation dem Verlauf der Geschichte gem\u00e4\u00df zu klassifizieren. Auf gut Deutsch gesagt: Jeder geh\u00f6rt einer bestimmten Generation an. Gehen wir von der (noch) lebenden Bev\u00f6lkerung aus, so beginnt es &hellip; <a href=\"https:\/\/willizblog.de\/?p=1236\" class=\"more-link\"><span class=\"screen-reader-text\">Generationen im Geschichtsverlauf<\/span> weiterlesen <span class=\"meta-nav\">&rarr;<\/span><\/a><\/p>\n","protected":false},"author":1,"featured_media":0,"comment_status":"open","ping_status":"closed","sticky":false,"template":"","format":"standard","meta":[],"categories":[2],"tags":[],"_links":{"self":[{"href":"https:\/\/willizblog.de\/index.php?rest_route=\/wp\/v2\/posts\/1236"}],"collection":[{"href":"https:\/\/willizblog.de\/index.php?rest_route=\/wp\/v2\/posts"}],"about":[{"href":"https:\/\/willizblog.de\/index.php?rest_route=\/wp\/v2\/types\/post"}],"author":[{"embeddable":true,"href":"https:\/\/willizblog.de\/index.php?rest_route=\/wp\/v2\/users\/1"}],"replies":[{"embeddable":true,"href":"https:\/\/willizblog.de\/index.php?rest_route=%2Fwp%2Fv2%2Fcomments&post=1236"}],"version-history":[{"count":0,"href":"https:\/\/willizblog.de\/index.php?rest_route=\/wp\/v2\/posts\/1236\/revisions"}],"wp:attachment":[{"href":"https:\/\/willizblog.de\/index.php?rest_route=%2Fwp%2Fv2%2Fmedia&parent=1236"}],"wp:term":[{"taxonomy":"category","embeddable":true,"href":"https:\/\/willizblog.de\/index.php?rest_route=%2Fwp%2Fv2%2Fcategories&post=1236"},{"taxonomy":"post_tag","embeddable":true,"href":"https:\/\/willizblog.de\/index.php?rest_route=%2Fwp%2Fv2%2Ftags&post=1236"}],"curies":[{"name":"wp","href":"https:\/\/api.w.org\/{rel}","templated":true}]}}