{"id":1238,"date":"2008-06-29T00:01:13","date_gmt":"2008-06-28T22:01:13","guid":{"rendered":"http:\/\/www.willizblog.de\/?p=1238"},"modified":"2008-06-28T18:45:55","modified_gmt":"2008-06-28T16:45:55","slug":"vor-dem-finale","status":"publish","type":"post","link":"https:\/\/willizblog.de\/?p=1238","title":{"rendered":"Vor dem Finale"},"content":{"rendered":"<p>Bald hat Partyotismus und Patriotismus wieder ein Ende. Dann werden die F\u00e4hnlein nach und nach eingerollt, damit sie im Tageslicht nicht g\u00e4nzlich verbleichen. Denn nach dem Spiel ist vor dem Spiel. Und nach der EM ist vor der EM. Aber da kommt ja erst noch die WM 2010 in S\u00fcdafrika. Dann geht der ganze Spuk wieder von vorne los.<\/p>\n<p>Aber noch erwartet uns heute Abend das Finale der Fu\u00dfball-Europameisterschaft 2008: Deutschland gegen Spanien! Und wenn das Spiel h\u00e4lt, was uns verhei\u00dfen ist, dann sollte es ein gro\u00dfes Finale werden. Wer da wohl am Ende die Nase vorn hat? Ich meine: Der Bessere soll gewinnen. Wenn das das deutsche Team sein sollte, okay. Wenn die Spanier, dann eben die \u2026<\/p>\n<p>Als ich mit meinen Lieben 1998 in Spanien Urlaub machte, da war gerade die Fu\u00dfball-WM in Frankreich, die die Gastgeber dann ja auch gewannen. Und \u00fcberall konnte man die Trikots der teilnehmenden Mannschaft kaufen. Nat\u00fcrlich wollten auch meine Jungs jeder ein Trikot. Lukas, der J\u00fcngere, entschied sich f\u00fcr Brasilien. Und Jan f\u00fcr ein spanisches Trikot, gewisserma\u00dfen als Reverenz an das Urlaubsland. Dieses Trikot haben wir nun wieder ausgegraben. Und es h\u00e4ngt jetzt in Lukas\u2019 Fenster \u2026 sozusagen als Kompensation zu all den vielen schwarz-rot-goldenen F\u00e4hnchen in unserem Land:<\/p>\n<p><img src=\"https:\/\/www.willizblog.de\/blogpicts\/deutschland_versus_espana.jpg\" alt=\"Spanien packt Deutschland in den Sack\" \/><\/p>\n<p><em>Ich denke, Spanien gewinnt 3:1!<\/em><\/p>\n","protected":false},"excerpt":{"rendered":"<p>Bald hat Partyotismus und Patriotismus wieder ein Ende. Dann werden die F\u00e4hnlein nach und nach eingerollt, damit sie im Tageslicht nicht g\u00e4nzlich verbleichen. Denn nach dem Spiel ist vor dem Spiel. Und nach der EM ist vor der EM. Aber da kommt ja erst noch die WM 2010 in S\u00fcdafrika. Dann geht der ganze Spuk &hellip; <a href=\"https:\/\/willizblog.de\/?p=1238\" class=\"more-link\"><span class=\"screen-reader-text\">Vor dem Finale<\/span> weiterlesen <span class=\"meta-nav\">&rarr;<\/span><\/a><\/p>\n","protected":false},"author":1,"featured_media":0,"comment_status":"open","ping_status":"closed","sticky":false,"template":"","format":"standard","meta":[],"categories":[39],"tags":[],"_links":{"self":[{"href":"https:\/\/willizblog.de\/index.php?rest_route=\/wp\/v2\/posts\/1238"}],"collection":[{"href":"https:\/\/willizblog.de\/index.php?rest_route=\/wp\/v2\/posts"}],"about":[{"href":"https:\/\/willizblog.de\/index.php?rest_route=\/wp\/v2\/types\/post"}],"author":[{"embeddable":true,"href":"https:\/\/willizblog.de\/index.php?rest_route=\/wp\/v2\/users\/1"}],"replies":[{"embeddable":true,"href":"https:\/\/willizblog.de\/index.php?rest_route=%2Fwp%2Fv2%2Fcomments&post=1238"}],"version-history":[{"count":0,"href":"https:\/\/willizblog.de\/index.php?rest_route=\/wp\/v2\/posts\/1238\/revisions"}],"wp:attachment":[{"href":"https:\/\/willizblog.de\/index.php?rest_route=%2Fwp%2Fv2%2Fmedia&parent=1238"}],"wp:term":[{"taxonomy":"category","embeddable":true,"href":"https:\/\/willizblog.de\/index.php?rest_route=%2Fwp%2Fv2%2Fcategories&post=1238"},{"taxonomy":"post_tag","embeddable":true,"href":"https:\/\/willizblog.de\/index.php?rest_route=%2Fwp%2Fv2%2Ftags&post=1238"}],"curies":[{"name":"wp","href":"https:\/\/api.w.org\/{rel}","templated":true}]}}