{"id":1240,"date":"2008-07-01T00:03:38","date_gmt":"2008-06-30T22:03:38","guid":{"rendered":"http:\/\/www.willizblog.de\/?p=1240"},"modified":"2008-07-09T08:04:26","modified_gmt":"2008-07-09T06:04:26","slug":"sofies-welt-sartre","status":"publish","type":"post","link":"https:\/\/willizblog.de\/?p=1240","title":{"rendered":"Sofies Welt: Sartre"},"content":{"rendered":"<p>Bevor ich hier weitere Philosophen fr\u00fcherer Jahrhunderte wie Descartes, Kant usw. vorstelle, mache ich zun\u00e4chst einen Sprung ans Ende des Buchs Jostein Gaarder: <a href=\"https:\/\/www.amazon.de\/gp\/product\/3423620005?ie=UTF8&#038;tag=familiealbin-21&#038;linkCode=as2&#038;camp=1638&#038;creative=6742&#038;creativeASIN=3423620005\" target=\"_blank\">Sofies Welt &#8211; Roman \u00fcber die Geschichte der Philosophie<\/a><img loading=\"lazy\" src=\"https:\/\/www.assoc-amazon.de\/e\/ir?t=familiealbin-21&#038;l=as2&#038;o=3&#038;a=3423620005\" width=\"1\" height=\"1\" border=\"0\" alt=\"\" style=\"border:none !important; margin:0px !important;\" \/>. So landen wir in der Neuzeit (genauer im 20. Jahrhundert) und bei <a href=\"https:\/\/de.wikipedia.org\/wiki\/Jean-Paul_Sartre\" target=\"_blank\">Jean-Paul Sartre<\/a>, dem Begr\u00fcnder des <a href=\"https:\/\/de.wikipedia.org\/wiki\/Existentialismus\" target=\"_blank\">Existentialismus<\/a>. Mit Sartre endet dann auch Sofies Welt.<\/p>\n<p>Ich ziehe Sartre den anderen Philosophen deshalb vor, weil an verschiedenen Stellen in diesem \u201eSeminar\u201c die Frage nach der Tauglichkeit der Philosophie f\u00fcr unser Leben mit seinen Alltagsproblemen gestellt wurde, also ob die Philosophie so etwas wie eine \u00dcberlebenshilfe bieten kann.<\/p>\n<p>Nun Sartre wird uns mit seinen Ansichten sicherlich nicht helfen, jedes kleine Problem zu l\u00f6sen. Aber er gibt uns eine Art Ger\u00fcst, wie ich finde, dass uns im Grunds\u00e4tzlichen \u201eauf die Spr\u00fcnge\u201c helfen kann. Sartre hat die Philosophie auf jeden Fall ganz und gar auf die Erde zur\u00fcckgeholt: Im Mittelpunkt findet sich die menschliche Existenz. Als Atheist klammert Sartre religi\u00f6se Fragen allerdings vollst\u00e4ndig aus. Daher hat das Leben im Allgemeinen auch erst einmal keinen Sinn. Trotz der atheistischen Ausrichtung glaube ich (sic!), dass Sartres Ansichten f\u00fcr jedermann interessant sind.<\/p>\n<p>Neben Sartre ist <a href=\"https:\/\/de.wikipedia.org\/wiki\/Albert_Camus\" target=\"_blank\">Albert Camus<\/a> ein wichtiger Vertreter des Existentialismus. Mit Camus habe ich mich in diesem Blog schon \u00f6fter besch\u00e4ftigt (<a href=\"https:\/\/www.willizblog.de\/?p=324\" target=\"_blank\">Mythos Kafka &#8211; Mythos Camus<\/a> &#8212; <a href=\"https:\/\/www.willizblog.de\/?p=837\" target=\"_blank\">Albert Camus: Der Fremde<\/a> &#8212; <a href=\"https:\/\/www.willizblog.de\/?p=1205\" target=\"_blank\">Licht und Schatten<\/a>). Sartre und Camus waren zun\u00e4chst freundschaftlich verbunden; ihre Wege trennten sich dann aber wegen grunds\u00e4tzlicher Meinungsverschiedenheiten. So wollen beide Philosophen gegen die \u201eSinnlosigkeit des Lebens\u201c revoltieren. F\u00fcr den Marxisten Sartre endet die Revolte im Endziel Kommunismus, bei Camus ist die Revolte \u2018endlos\u2019. <\/p>\n<table border=\"0\" cellpadding=\"5\" cellspacing=\"0\" width=\"100%\">\n<tr>\n<td width=\"50%\">\n<p align=\"center\"><img loading=\"lazy\" border=\"0\" src=\"https:\/\/www.willizblog.de\/blogpicts\/jean_paul_sartre.jpg\" alt=\"Jean-Paul Sartre\" width=\"151\" height=\"200\"><\/td>\n<td width=\"50%\">\n<p align=\"center\"><img loading=\"lazy\" border=\"0\" src=\"https:\/\/www.willizblog.de\/albpics\/albert_camus.jpg\" alt=\"Albert Camus\" width=\"151\" height=\"200\"><\/td>\n<\/tr>\n<tr>\n<td width=\"50%\">\n<p align=\"center\"><font face=\"Lucida Grande, Lucida Sans Unicode, Verdana, sans-serif\" size=\"2\">Jean-Paul Sartre<\/font><\/td>\n<td width=\"50%\">\n<p align=\"center\"><font face=\"Lucida Grande, Lucida Sans Unicode, Verdana, sans-serif\" size=\"2\">Albert Camus<\/font><\/td>\n<\/tr>\n<\/table>\n<p>Hier aber zun\u00e4chst Ausschnitte aus \u201eSofies Welt\u201c von Jostein Gaarder:<\/p>\n<p><em>Sartre hat gesagt: \u201aExistentialismus ist Humanismus.\u2019 Er meinte damit, da\u00df der Existentialismus ausschlie\u00dflich vom Menschen selbst ausgeht.<\/em><\/p>\n<p><em>\u2026 f\u00fcr Sartre hat .. die Frage nach dem Sinn des Lebens so ganz allgemein keinen Sinn. Mit anderen Worten, wir sind zum Improvisieren verdammt. Wir sind wie Schauspieler, die ohne einstudierte Rolle, ohne Rollenheft und ohne Souffleuse, die uns ins Ohr fl\u00fcstert, was wir zu tun haben, auf eine B\u00fchne gestellt werden. Wir m\u00fcssen selbst entscheiden, wie wir leben wollen.<\/em><\/p>\n<p><em>Sartre sagt, da\u00df der Mensch sich in einer Welt ohne Sinn fremd f\u00fchlt. \u2026 Das Gef\u00fchl des Menschen, auf der Welt ein Fremder zu sein, meint Sartre, f\u00fchrt zu einem Gef\u00fchl von Verzweiflung, Langeweile, Ekel und Absurdit\u00e4t.<\/em><\/p>\n<p>\u2026<\/p>\n<p><em>Sartre selbst erlebte die Freiheit des Menschen auch als Fluch. \u201aDer Mensch ist zur Freiheit verurteilt\u2019, schrieb er. Er ist verurteilt, weil er sich nicht selber erschaffen hat, und ist dennoch frei. Denn wenn er erst einmal in die Welt geworfen ist, dann ist er f\u00fcr alles verantwortlich, was er tut.<\/em><\/p>\n<p><em>\u2026 wir sind freie Individuen, und unsere Freiheit verdammt uns unser ganzes Leben lang dazu, uns zu entscheiden. \u2026 Sartre weist gerade darauf hin, da\u00df der Mensch niemals seine Verantwortung f\u00fcr das, was er tut, leugnen kann. Deshalb k\u00f6nnen wir unsere Verantwortung auch nicht vom Tisch fegen und behaupten, wir \u201am\u00fc\u00dften\u2019 zur Arbeit oder \u201am\u00fc\u00dften\u2019 uns nach gewissen b\u00fcrgerlichen Erwartungen dar\u00fcber, wie wir zu leben haben, richten. Wer auf diese Weise in die anonyme Masse gleitet, wird zum unpers\u00f6nlichen Massenmensch. Er ist vor sich selber in die Lebensl\u00fcge geflohen. Aber die Freiheit des Menschen befiehlt uns, etwas aus uns zu machen, eine \u201aauthentische\u2019 oder echte Existenz zu f\u00fchren.<\/em><\/p>\n<p><em>\u2026 Sartre \u2026 ist kein Nihilist.<\/em><\/p>\n<p><em>\u2026 Sartre meint, da\u00df das Leben eine Bedeutung haben mu\u00df. Das ist ein Imperativ. Aber wir selber m\u00fcssen diese Bedeutung, diesen Sinn f\u00fcr unser eigenes Leben schaffen. Existieren hei\u00dft, sich sein eigenes Dasein zu erschaffen.<\/em><\/p>\n<p>[zuletzt hei\u00dft es in \u201eSofies Welt\u201c:]<\/p>\n<p><em>Eine philosophische Frage ist per definitionem eine Frage, die sich jede einzelne Generation \u2013 ja, jeder einzelne Mensch \u2013 immer wieder neu stellen mu\u00df. \u2026 war es nicht immer schon so, da\u00df die Menschen gerade dann klare und endg\u00fcltige Antworten auf \u201akleine\u2019 Fragen gefunden haben, wenn sie nach Antworten auf die \u201agro\u00dfen\u2019 Fragen suchten?<\/em><\/p>\n<p><strong>aus:<\/strong> Jostein Gaarder: Sofies Welt &#8211; Roman \u00fcber die Geschichte der Philosophie &#8211; S. 537-546 \u2013 Carl Hanser Verlag 1995<\/p>\n<p>Etwas respektlos zu philosophischen Fragen habe ich mich einmal in einer kleinen Abhandlung ge\u00e4u\u00dfert, in der die Sprache auch auf Sartre kommt: <a href=\"https:\/\/www.albinz.net\/literat.html#5\" target=\"_blank\">\u201eEingelegte Gurke\u201c<\/a><br \/>\n(wenn auch Sartre nicht helfen sollte, dem Leben Sinn einzuhauchen, dann vielleicht das von mir Verfasste mit der einfachen Botschaft: <strong>Man sollte im Leben nie den Humor verlieren!<\/strong>).<\/p>\n","protected":false},"excerpt":{"rendered":"<p>Bevor ich hier weitere Philosophen fr\u00fcherer Jahrhunderte wie Descartes, Kant usw. vorstelle, mache ich zun\u00e4chst einen Sprung ans Ende des Buchs Jostein Gaarder: Sofies Welt &#8211; Roman \u00fcber die Geschichte der Philosophie. So landen wir in der Neuzeit (genauer im 20. Jahrhundert) und bei Jean-Paul Sartre, dem Begr\u00fcnder des Existentialismus. Mit Sartre endet dann auch &hellip; <a href=\"https:\/\/willizblog.de\/?p=1240\" class=\"more-link\"><span class=\"screen-reader-text\">Sofies Welt: Sartre<\/span> weiterlesen <span class=\"meta-nav\">&rarr;<\/span><\/a><\/p>\n","protected":false},"author":1,"featured_media":0,"comment_status":"open","ping_status":"closed","sticky":false,"template":"","format":"standard","meta":[],"categories":[15],"tags":[],"_links":{"self":[{"href":"https:\/\/willizblog.de\/index.php?rest_route=\/wp\/v2\/posts\/1240"}],"collection":[{"href":"https:\/\/willizblog.de\/index.php?rest_route=\/wp\/v2\/posts"}],"about":[{"href":"https:\/\/willizblog.de\/index.php?rest_route=\/wp\/v2\/types\/post"}],"author":[{"embeddable":true,"href":"https:\/\/willizblog.de\/index.php?rest_route=\/wp\/v2\/users\/1"}],"replies":[{"embeddable":true,"href":"https:\/\/willizblog.de\/index.php?rest_route=%2Fwp%2Fv2%2Fcomments&post=1240"}],"version-history":[{"count":0,"href":"https:\/\/willizblog.de\/index.php?rest_route=\/wp\/v2\/posts\/1240\/revisions"}],"wp:attachment":[{"href":"https:\/\/willizblog.de\/index.php?rest_route=%2Fwp%2Fv2%2Fmedia&parent=1240"}],"wp:term":[{"taxonomy":"category","embeddable":true,"href":"https:\/\/willizblog.de\/index.php?rest_route=%2Fwp%2Fv2%2Fcategories&post=1240"},{"taxonomy":"post_tag","embeddable":true,"href":"https:\/\/willizblog.de\/index.php?rest_route=%2Fwp%2Fv2%2Ftags&post=1240"}],"curies":[{"name":"wp","href":"https:\/\/api.w.org\/{rel}","templated":true}]}}