{"id":1241,"date":"2008-07-02T00:02:03","date_gmt":"2008-07-01T22:02:03","guid":{"rendered":"http:\/\/www.willizblog.de\/?p=1241"},"modified":"2008-07-01T13:36:36","modified_gmt":"2008-07-01T11:36:36","slug":"wenn-die-enkelin-eines-komikers-keinen-spas-versteht","status":"publish","type":"post","link":"https:\/\/willizblog.de\/?p=1241","title":{"rendered":"Wenn die Enkelin eines Komikers keinen Spa\u00df versteht"},"content":{"rendered":"<p>Ja ich wei\u00df, es ist ein Lieblingsthema von mir: Urheberrechte (<a href=\"https:\/\/www.willizblog.de\/?p=221\" target=\"_blank\">Mafiose Urheberrechtsabgaben<\/a> &#8212; <a href=\"https:\/\/www.willizblog.de\/?p=519\" target=\"_blank\">Vom geistigen Eigentum und der Kohlescheffelei<\/a> &#8212; <a href=\"https:\/\/www.willizblog.de\/?p=1154\" target=\"_blank\">Was ist blo\u00df mit Ian los? Teil 94: Superstars &amp; Idole Teil 2<\/a>). Um eines gleich klarzustellen: Ich bin durchaus daf\u00fcr, dass das geistige Eigentum eines Menschen einen gewissen Schutz erh\u00e4lt. Nicht jeder soll sich mit den Ideen anderer bereichern k\u00f6nnen. Aber auch dieser Schutz sollte und hat seine Grenzen, wenn ich das richtig verstanden habe. Dazu am Schluss etwas mehr.<\/p>\n<p>Es gibt da im Internet <a href=\"http:\/\/www.sem-net.de\/\" target=\"_blank\">eine Website<\/a>, die eine Art Zitaten-Quiz betreibt. Wirklich witzig gemacht mit h\u00fcbschen animierten Bildchen. Das Ganze dient der Unterhaltung, ist kostenlos und hat nicht die Absicht, Geld zu scheffeln. Nun werden dort nat\u00fcrlich viele Prominente zitiert, u.a. <del>findet<\/del> fand man dort auch witzige Spr\u00fcche von <a href=\"https:\/\/www.willizblog.de\/?p=1088\" target=\"_blank\">Karl Valentin<\/a>. Aber genau das ist der Enkelin Karl Valentins ein Dorn im Auge. Sie hat n\u00e4mlich die Rechte an dem Werk. So erhielt der Seitenbetreiber eine kostenpflichtige Abmahnung. Als Enkelin eines Komikers versteht man eben keinen Spa\u00df.<\/p>\n<p>Sind hier nun wirklich Urheberrechte verletzt? Ich bin kein Jurist, aber ich denke nein: \u201eBei der Verwendung der Karl-Valentin-Zitate k\u00f6nne es sich n\u00e4mlich um eine im Hinblick auf die Kunst- und Meinungs\u00e4u\u00dferungsfreiheit &#8222;freie Benutzung&#8220; gem\u00e4\u00df <a href=\"http:\/\/www.bundesrecht.juris.de\/urhg\/__24.html\" target=\"_blank\">Paragraf 24 Urhebergesetz<\/a> handeln. Au\u00dferdem k\u00f6nnte die Nutzung durch das Zitatrecht gem\u00e4\u00df <a href=\"http:\/\/www.bundesrecht.juris.de\/urhg\/__51.html\" target=\"_blank\">Paragraf 51 Urhebergesetz<\/a> gedeckt sein.&#8220;<\/p>\n<p>Wie auch immer: Die Humorlosigkeit von Karl Valentins Enkelin hat etwas Erschreckendes. Humor, so scheint es, ist nicht vererblich!<\/p>\n<p>siehe zdf.de: <a href=\"http:\/\/www.heute.de\/ZDFheute\/inhalt\/13\/0,3672,7248845,00.html\" target=\"_blank\">Satire-Seite in der Abmahnfalle &#8211; Urheberrecht: Zitateportal muss Tore schlie\u00dfen<\/a><\/p>\n","protected":false},"excerpt":{"rendered":"<p>Ja ich wei\u00df, es ist ein Lieblingsthema von mir: Urheberrechte (Mafiose Urheberrechtsabgaben &#8212; Vom geistigen Eigentum und der Kohlescheffelei &#8212; Was ist blo\u00df mit Ian los? Teil 94: Superstars &amp; Idole Teil 2). Um eines gleich klarzustellen: Ich bin durchaus daf\u00fcr, dass das geistige Eigentum eines Menschen einen gewissen Schutz erh\u00e4lt. Nicht jeder soll sich &hellip; <a href=\"https:\/\/willizblog.de\/?p=1241\" class=\"more-link\"><span class=\"screen-reader-text\">Wenn die Enkelin eines Komikers keinen Spa\u00df versteht<\/span> weiterlesen <span class=\"meta-nav\">&rarr;<\/span><\/a><\/p>\n","protected":false},"author":1,"featured_media":0,"comment_status":"open","ping_status":"closed","sticky":false,"template":"","format":"standard","meta":[],"categories":[1],"tags":[],"_links":{"self":[{"href":"https:\/\/willizblog.de\/index.php?rest_route=\/wp\/v2\/posts\/1241"}],"collection":[{"href":"https:\/\/willizblog.de\/index.php?rest_route=\/wp\/v2\/posts"}],"about":[{"href":"https:\/\/willizblog.de\/index.php?rest_route=\/wp\/v2\/types\/post"}],"author":[{"embeddable":true,"href":"https:\/\/willizblog.de\/index.php?rest_route=\/wp\/v2\/users\/1"}],"replies":[{"embeddable":true,"href":"https:\/\/willizblog.de\/index.php?rest_route=%2Fwp%2Fv2%2Fcomments&post=1241"}],"version-history":[{"count":0,"href":"https:\/\/willizblog.de\/index.php?rest_route=\/wp\/v2\/posts\/1241\/revisions"}],"wp:attachment":[{"href":"https:\/\/willizblog.de\/index.php?rest_route=%2Fwp%2Fv2%2Fmedia&parent=1241"}],"wp:term":[{"taxonomy":"category","embeddable":true,"href":"https:\/\/willizblog.de\/index.php?rest_route=%2Fwp%2Fv2%2Fcategories&post=1241"},{"taxonomy":"post_tag","embeddable":true,"href":"https:\/\/willizblog.de\/index.php?rest_route=%2Fwp%2Fv2%2Ftags&post=1241"}],"curies":[{"name":"wp","href":"https:\/\/api.w.org\/{rel}","templated":true}]}}