{"id":1242,"date":"2008-07-03T12:58:30","date_gmt":"2008-07-03T10:58:30","guid":{"rendered":"http:\/\/www.willizblog.de\/?p=1242"},"modified":"2012-01-17T09:48:36","modified_gmt":"2012-01-17T08:48:36","slug":"125-jahre-franz-kafka","status":"publish","type":"post","link":"https:\/\/willizblog.de\/?p=1242","title":{"rendered":"125 Jahre Franz Kafka"},"content":{"rendered":"<p>Fast h\u00e4tte ich es vergessen, denn heute vor 125 Jahren, am 3. Juli 1883 wurde in Prag, das damals zu \u00d6sterreich-Ungarn geh\u00f6rte, <a href=\"https:\/\/de.wikipedia.org\/wiki\/Franz_Kafka\" target=\"_blank\">Franz Kafka<\/a> geboren. Es z\u00e4hlt zu den bedeutendsten Schriftsteller deutscher Sprache.<\/p>\n<ul><img alt=\"Franz Kafka\" src=\"https:\/\/www.albinz.net\/models\/kafka.jpg\" \/><\/ul>\n<p>Also, Franzl, happy birthday!<\/p>\n<p>Kafka ist schwere Kost. Zwar gilt sein Stil als klar und rein. Nach Ansicht des <a href=\"https:\/\/de.wikipedia.org\/wiki\/Reiner_Stach\" target=\"_blank\">Kafka-Biografen Reiner Stach<\/a> gibt es bei Kafka buchst\u00e4blich kein \u00fcberfl\u00fcssiges Wort. Im Grunde ist Kafka leicht zu lesen. Aber der Inhalt hat es in sich:<\/p>\n<p>Da gibt es einen Gregor Samsa, der Held aus der <a href=\"https:\/\/de.wikipedia.org\/wiki\/Die_Verwandlung\" target=\"_blank\">&#8222;Verwandlung&#8220;<\/a>, der morgens aufwacht und zum K\u00e4fer geworden ist. Oder da wird minuti\u00f6s ein Folterger\u00e4t beschrieben, das dem Delinquenten mit spitzen Nadel in gro\u00dfen Buchstaben <a href=\"https:\/\/de.wikipedia.org\/wiki\/In_der_Strafkolonie\" target=\"_blank\">die Schuld in den R\u00fccken<\/a> ritzt. Oder eine Erz\u00e4hlung handelt von einem <a href=\"https:\/\/de.wikipedia.org\/wiki\/Ein_Hungerk%C3%BCnstler\" target=\"_blank\">Hungerk\u00fcnstler<\/a>, der vor gro\u00dfem Publikum viele Tage und Wochen lang \u201ahungert\u2019. Und ein anderer Variet\u00e9k\u00fcnstler ist eigentlich ein von Hagenbeck eingefangener <a href=\"https:\/\/de.wikipedia.org\/wiki\/Ein_Bericht_f%C3%BCr_eine_Akademie\" target=\"_blank\">Affe<\/a>, der fast zum Menschen wird, weil er den Menschen nachahmt. <a href=\"https:\/\/de.wikipedia.org\/wiki\/Das_Urteil_%28Kafka%29\" target=\"_blank\">Im Urteil<\/a> wird der Sohn vom Vater zum Tode des Ertrinkens verurteilt, weil dieser zu heiraten gedenkt und angeblich seinen Freund hintergangen hat. Und der Sohn st\u00fcrzt die Treppen hinab und st\u00fcrzt sich in den Fluss. <em>\u201eIn diesem Augenblick ging \u00fcber die Br\u00fccke ein geradezu unendlicher Verkehr.\u201c<\/em> Allein dieser letzte Satz hat es mir angetan. Hier wird das endlose Get\u00f6se des Stra\u00dfenverkehrs auf einen Augenblick reduziert, in welchem der Sohn sich in den Fluss fallen l\u00e4sst. Wie viele andere schicksalhafte Momente mag ein solcher Krach noch verschlucken.<\/p>\n<p><object width=\"425\" height=\"344\"><param name=\"movie\" value=\"https:\/\/www.youtube.com\/v\/KAmwNxlEodM&#038;hl=de&#038;fs=1\"><\/param><param name=\"allowFullScreen\" value=\"true\"><\/param><param name=\"allowscriptaccess\" value=\"always\"><\/param><embed src=\"https:\/\/www.youtube.com\/v\/KAmwNxlEodM&#038;hl=de&#038;fs=1\" type=\"application\/x-shockwave-flash\" allowscriptaccess=\"always\" allowfullscreen=\"true\" width=\"425\" height=\"344\"><\/embed><\/object><br \/>\n125 Jahre Franz Kafka<\/p>\n<p><a href=\"http:\/\/gutenberg.spiegel.de\/autor\/309\" target=\"_blank\">Kafka zum Nachlesen<\/a> online beim Projekt Gutenberg<\/p>\n<p>siehe auch meine Beitr\u00e4ge: <a href=\"https:\/\/www.willizblog.de\/?p=324\" target=\"_blank\">Mythos Kafka &#8211; Mythos Camus<\/a> &#8212; <a href=\"https:\/\/www.willizblog.de\/?p=31\" target=\"_blank\">Wie w\u00e4re es mit Kafka?<\/a><\/p>\n<p><strong>Nachtrag:<\/strong> Merkmail 319 von Zweitausendeins:<\/p>\n<p><em>&#8222;Als Gregor Samsa eines Morgens aus unruhigen Traeumen erwachte, fand er sich in seinem Bett zu einem ungeheuren Ungeziefer verwandelt.&#8220;<\/em><\/p>\n<p><a href=\"http:\/\/www.zweitausendeins.de\/franz-kafka-das-werk.html\" target=\"_blank\">Bei Zweitausendeins: Franz Kafka, 1.232 Seiten. Nur 9,99 Euro.<\/a><\/p>\n","protected":false},"excerpt":{"rendered":"<p>Fast h\u00e4tte ich es vergessen, denn heute vor 125 Jahren, am 3. Juli 1883 wurde in Prag, das damals zu \u00d6sterreich-Ungarn geh\u00f6rte, Franz Kafka geboren. Es z\u00e4hlt zu den bedeutendsten Schriftsteller deutscher Sprache. Also, Franzl, happy birthday! Kafka ist schwere Kost. Zwar gilt sein Stil als klar und rein. Nach Ansicht des Kafka-Biografen Reiner Stach &hellip; <a href=\"https:\/\/willizblog.de\/?p=1242\" class=\"more-link\"><span class=\"screen-reader-text\">125 Jahre Franz Kafka<\/span> weiterlesen <span class=\"meta-nav\">&rarr;<\/span><\/a><\/p>\n","protected":false},"author":1,"featured_media":0,"comment_status":"open","ping_status":"closed","sticky":false,"template":"","format":"standard","meta":[],"categories":[14],"tags":[],"_links":{"self":[{"href":"https:\/\/willizblog.de\/index.php?rest_route=\/wp\/v2\/posts\/1242"}],"collection":[{"href":"https:\/\/willizblog.de\/index.php?rest_route=\/wp\/v2\/posts"}],"about":[{"href":"https:\/\/willizblog.de\/index.php?rest_route=\/wp\/v2\/types\/post"}],"author":[{"embeddable":true,"href":"https:\/\/willizblog.de\/index.php?rest_route=\/wp\/v2\/users\/1"}],"replies":[{"embeddable":true,"href":"https:\/\/willizblog.de\/index.php?rest_route=%2Fwp%2Fv2%2Fcomments&post=1242"}],"version-history":[{"count":0,"href":"https:\/\/willizblog.de\/index.php?rest_route=\/wp\/v2\/posts\/1242\/revisions"}],"wp:attachment":[{"href":"https:\/\/willizblog.de\/index.php?rest_route=%2Fwp%2Fv2%2Fmedia&parent=1242"}],"wp:term":[{"taxonomy":"category","embeddable":true,"href":"https:\/\/willizblog.de\/index.php?rest_route=%2Fwp%2Fv2%2Fcategories&post=1242"},{"taxonomy":"post_tag","embeddable":true,"href":"https:\/\/willizblog.de\/index.php?rest_route=%2Fwp%2Fv2%2Ftags&post=1242"}],"curies":[{"name":"wp","href":"https:\/\/api.w.org\/{rel}","templated":true}]}}