{"id":1246,"date":"2008-07-08T10:50:48","date_gmt":"2008-07-08T08:50:48","guid":{"rendered":"http:\/\/www.willizblog.de\/?p=1246"},"modified":"2011-02-24T14:18:59","modified_gmt":"2011-02-24T13:18:59","slug":"absurditat-des-alltags","status":"publish","type":"post","link":"https:\/\/willizblog.de\/?p=1246","title":{"rendered":"Absurdit\u00e4t des Alltags"},"content":{"rendered":"<p><em>Wirtschaft und Politik bescheren uns t\u00e4glich Absurdit\u00e4ten, die uns schwer auf den Magen schlagen und ans Portemonnaie geben. Aber auch im Alltag, mit dem wir konfrontiert werden, nehmen wir immer \u00f6fter Sinnlosigkeiten wahr, die uns zu \u00fcberrollen scheinen. Ich will nicht den Teufel an die Wand malen, keine Angst; es sind aber Symptome, die aufzeigen, wie sehr unsere Gesellschaft krankt.<\/em><\/p>\n<p><a href=\"http:\/\/www.heute.de\/ZDFheute\/inhalt\/25\/0,3672,7263033,00.html\" target=\"_blank\">Zerst\u00f6rte Hitler-Figur soll wieder ausgestellt werden<\/a><\/p>\n<p>Beginne ich mit dem Harmlosesten. Da er\u00f6ffnete Madame Tussaud\u2019s Wachsfigurenkabinett dieser Tage eine <a href=\"http:\/\/www.madametussauds.com\/berlin\/\" target=\"_blank\">Zweigstelle in Berlin<\/a> und pr\u00e4sentierte einen Hitler mit finsterem Blick in einem grauen Kriegsbunker hinter einem Schreibtisch. Schon im Vorfeld gab es hitzige Diskussion ob dieses St\u00fccks \u201eUnterhaltungskultur\u201c, das viele einfach nur geschmacklos finden. Und schon Besucher Numero zwei attackiert die Wachsfigur und k\u00f6pft sie. Jetzt hat sich der 41-j\u00e4hrige T\u00e4ter wegen Sachbesch\u00e4digung und K\u00f6rperverletzung (bei einem Handgemenge mit Museumsmitarbeitern verletzte er zwei von ihnen leicht) zu verantworten. Das kann ein teurer Spa\u00df f\u00fcr eine dumme Wette mit Freunden werden. Wie sinnlos die Tat war, wird der \u00dcbelt\u00e4ter sehen, wenn ihm die Rechnung daf\u00fcr ins Haus flattert.<\/p>\n<p>Ob die Pr\u00e4sentation eines gebrochenen Hitlers besonders geschmackvoll ist, m\u00f6chte auch ich bestreiten. Aber solange es keine entsprechenden Verbote gegen solche Darstellungen gibt, ist und bleibt die Diskussion darum lediglich ein absurdes Sommerlochtheater. Als ich den in London bei Madame Tussauds ausgestellten Hitler vor vielen Jahren sah, wunderte ich mich nur \u00fcber dessen geringe K\u00f6rpergr\u00f6\u00dfe (K\u00f6rpergr\u00f6\u00dfe und Gr\u00f6\u00dfenwahn \u2013 ein anderes Thema). Damals stand er dort hinter Glas vor dem Eingang zu der Chamber of Horrors.<\/p>\n<p><a href=\"http:\/\/www.heute.de\/ZDFheute\/inhalt\/21\/0,3672,7263157,00.html\" target=\"_blank\">M\u00fcnchener U-Bahn-Schl\u00e4ger vor Gericht<\/a><\/p>\n<p>Die zwei U-Bahn-Schl\u00e4ger aus M\u00fcnchen stehen zz. vor dem Richter. Deren brutaler \u00dcbergriff gegen einen 76-j\u00e4hrigen Pension\u00e4r in der M\u00fcnchener U-Bahn sorgte f\u00fcr reichlich Diskussionsstoff im Land. Beide T\u00e4ter m\u00fcssen nun mit langj\u00e4hrigen Haftstrafen wegen versuchten Mordes, K\u00f6rperverletzung und Diebstahl rechnen. Wie sinnlos die Tat war, hat inzwischen auch einer der Schl\u00e4ger begriffen. Gegen\u00fcber seiner Schwester \u00e4u\u00dferte er: <a href=\"http:\/\/www.zdf.de\/ZDFmediathek\/content\/535768?inPopup=true\" target=\"_blank\">\u201eNur wegen zwei Schl\u00e4ge(n) 12 Jahre &#8230;?!\u201c<\/a>. <\/p>\n<p>So ganz begriffen hat er die Sache dann allerdings doch wieder nicht: Zwei Schl\u00e4ge = 12 Jahre bedeutet nicht, jeweils sechs Jahre Haft f\u00fcr einen Schlag zu bekommen &#8230;<\/p>\n<p>Zunehmend ist zu beobachten, wie sich in bestimmten Stadtvierteln rechtsfreie R\u00e4ume auftun. Kaum ein normaler B\u00fcrger beschweige Polizist wagt sich mehr in solche Stadtteile, die von jugendlichen Banden kontrolliert werden. Hier herrscht die Gewalt der Stra\u00dfe. Auch in Deutschland. Aus solchen rechtsfreien Nischen d\u00fcrften auch unsere zwei Schl\u00e4gertypen stammen. Und mit einem sonderbar eigenem Machtgef\u00fchl nehmen sie sich das Recht, in aller \u00d6ffentlichkeit \u00fcber Leben oder Tod bestimmen zu d\u00fcrfen. Wird ihnen dann die Quittung vorgelegt, beginnen sie zu heulen.<\/p>\n<p><a href=\"http:\/\/www.zdf.de\/ZDFmediathek\/content\/533174?inPopup=true\" target=\"_blank\">Tod im Wartezimmer<\/a><\/p>\n<p>Es ist ein Einzelfall und sollte in Deutschland nicht vorkommen. Da stirbt eine Frau im Wartezimmer eines New Yorker Krankenhauses, weil sich niemand um sie k\u00fcmmert. Das vor laufender Videokamera. Als Konsequenz werden 6 Mitarbeiter des Krankenhauses entlassen. Sicherlich auch, um den \u201aguten Ruf\u2019 des Krankenhauses wieder herzustellen. Wie absurd.<\/p>\n<p>Wie oft wird aber auch in Deutschland weggeschaut, nicht wahrgenommen, wenn andere Menschen in Not geraten. Jegliche Zivilcourage ist vor die Hunde gegangen. Und sollte doch einmal einer helfend zur Seite stehen, dann wird dieser <a href=\"http:\/\/www1.ndr.de\/nachrichten\/niedersachsen\/nds2152.html\" target=\"_blank\">mit Preisen<\/a> und <a href=\"http:\/\/www.bundespraesident.de\/artikel-,2.600374\/Verdienstorden-der-Bundesrepub.htm\" target=\"_blank\">Bundesverdienstkreuzen<\/a> \u00fcbersch\u00fcttet \u2013 und alles klatscht Beifall (auch diejenigen, die zuvor die Augen abgewandt hatten).<\/p>\n","protected":false},"excerpt":{"rendered":"<p>Wirtschaft und Politik bescheren uns t\u00e4glich Absurdit\u00e4ten, die uns schwer auf den Magen schlagen und ans Portemonnaie geben. Aber auch im Alltag, mit dem wir konfrontiert werden, nehmen wir immer \u00f6fter Sinnlosigkeiten wahr, die uns zu \u00fcberrollen scheinen. Ich will nicht den Teufel an die Wand malen, keine Angst; es sind aber Symptome, die aufzeigen, &hellip; <a href=\"https:\/\/willizblog.de\/?p=1246\" class=\"more-link\"><span class=\"screen-reader-text\">Absurdit\u00e4t des Alltags<\/span> weiterlesen <span class=\"meta-nav\">&rarr;<\/span><\/a><\/p>\n","protected":false},"author":1,"featured_media":0,"comment_status":"open","ping_status":"closed","sticky":false,"template":"","format":"standard","meta":[],"categories":[2],"tags":[],"_links":{"self":[{"href":"https:\/\/willizblog.de\/index.php?rest_route=\/wp\/v2\/posts\/1246"}],"collection":[{"href":"https:\/\/willizblog.de\/index.php?rest_route=\/wp\/v2\/posts"}],"about":[{"href":"https:\/\/willizblog.de\/index.php?rest_route=\/wp\/v2\/types\/post"}],"author":[{"embeddable":true,"href":"https:\/\/willizblog.de\/index.php?rest_route=\/wp\/v2\/users\/1"}],"replies":[{"embeddable":true,"href":"https:\/\/willizblog.de\/index.php?rest_route=%2Fwp%2Fv2%2Fcomments&post=1246"}],"version-history":[{"count":0,"href":"https:\/\/willizblog.de\/index.php?rest_route=\/wp\/v2\/posts\/1246\/revisions"}],"wp:attachment":[{"href":"https:\/\/willizblog.de\/index.php?rest_route=%2Fwp%2Fv2%2Fmedia&parent=1246"}],"wp:term":[{"taxonomy":"category","embeddable":true,"href":"https:\/\/willizblog.de\/index.php?rest_route=%2Fwp%2Fv2%2Fcategories&post=1246"},{"taxonomy":"post_tag","embeddable":true,"href":"https:\/\/willizblog.de\/index.php?rest_route=%2Fwp%2Fv2%2Ftags&post=1246"}],"curies":[{"name":"wp","href":"https:\/\/api.w.org\/{rel}","templated":true}]}}