{"id":1249,"date":"2008-07-11T08:41:59","date_gmt":"2008-07-11T06:41:59","guid":{"rendered":"http:\/\/www.willizblog.de\/?p=1249"},"modified":"2008-07-10T11:47:03","modified_gmt":"2008-07-10T09:47:03","slug":"familienausflug-zu-joan","status":"publish","type":"post","link":"https:\/\/willizblog.de\/?p=1249","title":{"rendered":"Familienausflug zu Joan"},"content":{"rendered":"<p>Als ich vorgestern an der S-Bahn-Station Sternschanze in Hamburg die Ank\u00fcndigungen der Konzerte f\u00fcr August in der Fabrik las, da hatte ich mich auch gleich entschieden: Da musst du hin.<\/p>\n<p><img src=\"https:\/\/www.willizblog.de\/blogpicts\/fabrik_aug_2008.gif\" alt=\"Plakataushang: Fabrik Hamburg - August 2008\" \/><\/p>\n<p>Nun, wer wie ich <a href=\"http:\/\/de.youtube.com\/user\/JOANandTULL\" target=\"_blank\">bei youtube<\/a> jede Menge Videos von <a href=\"http:\/\/www.joanarmatrading.com\/\" target=\"_blank\">Joan Armatrading<\/a> eingestellt hat (z.B.<br \/>\n<a href=\"https:\/\/www.willizblog.de\/?p=799\" target=\"_blank\">Joan Armatrading live im Rockpalast am 15.02.1979<\/a> oder <a href=\"https:\/\/www.willizblog.de\/?p=990\" target=\"_blank\">Joan Armatrading live im Rockpalast am 19.\/20.April 1980<\/a>), der darf sich nicht wundern, wenn er gefragt wird, ob man sich nicht eines der in diesem Jahr in Deutschland stattfindenden Konzerte von ihr angucken wird (mein Bruder hatte mit seiner Frau die gute Joan Ende letzten Jahre in der <a href=\"http:\/\/www.glocke.de\/\" target=\"_blank\">Glocke in Bremen<\/a> besucht). Da das besagte Konzert noch in meinen Urlaub f\u00e4llt, Hamburg fast vor meiner Haust\u00fcre liegt und <a href=\"http:\/\/www.fabrik.de\/\" target=\"_blank\">die Fabrik<\/a> eine Lokalit\u00e4t mit besonderer Atmosph\u00e4re ist, da kann ich also nicht mehr kneifen.<\/p>\n<table border=\"0\" cellspacing=\"0\" cellpadding=\"5\" width=\"100%\">\n<tbody>\n<tr>\n<td width=\"50%\">\n<p align=\"center\"><a href=\"http:\/\/www.fabrik.de\/\" target=\"_blank\"><img loading=\"lazy\" src=\"https:\/\/www.willizblog.de\/blogpicts\/fabrik01.jpg\" border=\"0\" alt=\"Die Fabrik - Hamburg\" width=\"270\" height=\"200\" \/><\/a><\/p>\n<\/td>\n<td rowspan=\"2\" width=\"50%\">\n<p align=\"center\"><img loading=\"lazy\" src=\"https:\/\/www.willizblog.de\/blogpicts\/fabrik02.jpg\" border=\"0\" alt=\"Die Fabrik - Hamburg\" width=\"270\" height=\"360\" \/><\/p>\n<\/td>\n<\/tr>\n<tr>\n<td width=\"50%\">\n<p align=\"center\"><img loading=\"lazy\" src=\"https:\/\/www.willizblog.de\/blogpicts\/fabrik03.jpg\" border=\"0\" alt=\"Die Fabrik - Hamburg\" width=\"270\" height=\"222\" \/><\/p>\n<\/td>\n<\/tr>\n<tr>\n<td colspan=\"2\" width=\"100%\">\n<p align=\"justify\"><span style=\"font-size: x-small; font-family: Lucida Grande, Lucida Sans Unicode, Verdana, sans-serif;\"><strong>Die Fabrik<\/strong> in der Barnerstra\u00dfe in Hamburg-Altona gilt als das erste und wohl bekannteste Kultur- und Kommunikationszentrum in Deutschland. 1971 wurde sie von zwei Privatleuten in dem Geb\u00e4ude einer ehemaligen, ca. hundertf\u00fcnfzig Jahre alten Maschinenfabrik gegr\u00fcndet. Das Geb\u00e4ude aus der Gr\u00fcnderzeit beeindruckt durch seine besondere Architektur: ein hoher, kirchenschiffartiger Raum mit einer Holztr\u00e4gerkonstruktion und umlaufenden Galerien in den zwei Stockwerken, die einen Blick auf das Geschehen in der Halle erm\u00f6glichen.<\/span><\/p>\n<\/td>\n<\/tr>\n<\/tbody>\n<\/table>\n<p>Am Sonntag, den 10. August, kommt Joan Armatrading also nach Hamburg in die Fabrik. Und meine Lieben kommen alle mit: <em>Es wird also ein Familienausflug zu Joan werden!<\/em><\/p>\n<p>Es ist schon viele Jahre her, dass ich ein Konzert von ihr besucht habe. Dann war es lange Zeit still um sie. Aber mit ihrer letzten CD \u201eInto the Blues\u201c (siehe: <a href=\"https:\/\/www.willizblog.de\/?p=798\" target=\"_blank\">Joan entdeckt den Blues<\/a>) r\u00fcckte sie wieder ins Rampenlicht. Die Scheibe wurde 2008 u.a. f\u00fcr den Grammy f\u00fcr das<br \/>\n<a href=\"https:\/\/de.wikipedia.org\/wiki\/Grammy_Awards_2008#Blues\" target=\"_blank\">bestes zeitgen\u00f6ssisches Blues-Album (Best Contemporary Blues Album)<\/a> nominiert, den dann aber JJ Cale und Eric Clapton mit <a href=\"https:\/\/www.willizblog.de\/?p=665\" target=\"_blank\">\u201eThe Road To Escondido\u201c<\/a> gewannen.<\/p>\n<p>Und erst vor kurzem wurde Joan Armatrading mit der <a href=\"http:\/\/www.joanarmatrading.com\/index.asp?m=misc&amp;n=music&amp;p=36\" target=\"_blank\">Ehrendoktorw\u00fcrde<\/a> der <em>Royal Scottish Academy of Music and Drama<\/em> in Glasgow ausgezeichnet und ist damit nicht der erste Rockmusiker, dem eine solche Ehre zuteil wurde (siehe: <a href=\"https:\/\/www.willizblog.de\/?p=584\" target=\"_blank\">Doktor h.c. Ian Anderson<\/a>)<\/p>\n<p>weitere Beitr\u00e4ge von mir: <a href=\"https:\/\/www.willizblog.de\/?p=32\" target=\"_blank\">Joan Armatrading<\/a> &#8212; <a href=\"https:\/\/www.willizblog.de\/?p=276\" target=\"_blank\">Joan Armatrading: Steppin&#8216; Out<\/a><\/p>\n<p>Zuletzt noch zwei neuere Videos mit Joan Armatrading (von ihrer Website):<\/p>\n<p><embed src=\"http:\/\/services.brightcove.com\/services\/viewer\/federated_f8\/1351481591\" bgcolor=\"#FFFFFF\" flashVars=\"videoId=1388819818&#038;playerId=1351481591&#038;viewerSecureGatewayURL=https:\/\/console.brightcove.com\/services\/amfgateway&#038;servicesURL=http:\/\/services.brightcove.com\/services&#038;cdnURL=http:\/\/admin.brightcove.com&#038;domain=embed&#038;autoStart=false&#038;\" base=\"http:\/\/admin.brightcove.com\" name=\"flashObj\" width=\"510\" height=\"440\" seamlesstabbing=\"false\" type=\"application\/x-shockwave-flash\" swLiveConnect=\"true\" pluginspage=\"http:\/\/www.macromedia.com\/shockwave\/download\/index.cgi?P1_Prod_Version=ShockwaveFlash\"><\/embed><br \/>\n<em>Joan Armatrading: In These Times<\/em> (CD&#8220;Lovers Speak&#8220;)<\/p>\n<p><embed src=\"http:\/\/services.brightcove.com\/services\/viewer\/federated_f8\/1351481591\" bgcolor=\"#FFFFFF\" flashVars=\"videoId=1369762359&#038;playerId=1351481591&#038;viewerSecureGatewayURL=https:\/\/console.brightcove.com\/services\/amfgateway&#038;servicesURL=http:\/\/services.brightcove.com\/services&#038;cdnURL=http:\/\/admin.brightcove.com&#038;domain=embed&#038;autoStart=false&#038;\" base=\"http:\/\/admin.brightcove.com\" name=\"flashObj\" width=\"510\" height=\"440\" seamlesstabbing=\"false\" type=\"application\/x-shockwave-flash\" swLiveConnect=\"true\" pluginspage=\"http:\/\/www.macromedia.com\/shockwave\/download\/index.cgi?P1_Prod_Version=ShockwaveFlash\"><\/embed><br \/>\n<em>Joan Armatrading: A Woman in Love<\/em> (CD&#8220;Into The Blues&#8220;)<\/p>\n<p><a href=\"http:\/\/babelfish.altavista.com\/babelfish\/trurl_pagecontent?url=https:\/\/www.willizblog.de\/?p=1249&#038;lp=de%5Fen\" target=\"_blank\">English Translation for Jan<\/a><\/p>\n","protected":false},"excerpt":{"rendered":"<p>Als ich vorgestern an der S-Bahn-Station Sternschanze in Hamburg die Ank\u00fcndigungen der Konzerte f\u00fcr August in der Fabrik las, da hatte ich mich auch gleich entschieden: Da musst du hin. Nun, wer wie ich bei youtube jede Menge Videos von Joan Armatrading eingestellt hat (z.B. Joan Armatrading live im Rockpalast am 15.02.1979 oder Joan Armatrading &hellip; <a href=\"https:\/\/willizblog.de\/?p=1249\" class=\"more-link\"><span class=\"screen-reader-text\">Familienausflug zu Joan<\/span> weiterlesen <span class=\"meta-nav\">&rarr;<\/span><\/a><\/p>\n","protected":false},"author":1,"featured_media":0,"comment_status":"open","ping_status":"closed","sticky":false,"template":"","format":"standard","meta":[],"categories":[1],"tags":[],"_links":{"self":[{"href":"https:\/\/willizblog.de\/index.php?rest_route=\/wp\/v2\/posts\/1249"}],"collection":[{"href":"https:\/\/willizblog.de\/index.php?rest_route=\/wp\/v2\/posts"}],"about":[{"href":"https:\/\/willizblog.de\/index.php?rest_route=\/wp\/v2\/types\/post"}],"author":[{"embeddable":true,"href":"https:\/\/willizblog.de\/index.php?rest_route=\/wp\/v2\/users\/1"}],"replies":[{"embeddable":true,"href":"https:\/\/willizblog.de\/index.php?rest_route=%2Fwp%2Fv2%2Fcomments&post=1249"}],"version-history":[{"count":0,"href":"https:\/\/willizblog.de\/index.php?rest_route=\/wp\/v2\/posts\/1249\/revisions"}],"wp:attachment":[{"href":"https:\/\/willizblog.de\/index.php?rest_route=%2Fwp%2Fv2%2Fmedia&parent=1249"}],"wp:term":[{"taxonomy":"category","embeddable":true,"href":"https:\/\/willizblog.de\/index.php?rest_route=%2Fwp%2Fv2%2Fcategories&post=1249"},{"taxonomy":"post_tag","embeddable":true,"href":"https:\/\/willizblog.de\/index.php?rest_route=%2Fwp%2Fv2%2Ftags&post=1249"}],"curies":[{"name":"wp","href":"https:\/\/api.w.org\/{rel}","templated":true}]}}