{"id":1250,"date":"2008-07-12T17:32:34","date_gmt":"2008-07-12T15:32:34","guid":{"rendered":"http:\/\/www.willizblog.de\/?p=1250"},"modified":"2008-07-12T17:32:34","modified_gmt":"2008-07-12T15:32:34","slug":"ein-tag-mit-tan","status":"publish","type":"post","link":"https:\/\/willizblog.de\/?p=1250","title":{"rendered":"Ein Tag mit Tan"},"content":{"rendered":"<p>Heute besuchte uns Tan. Tan ist ein 6-j\u00e4hriger vietnamesischer Junge, der mit anderen Kindern von meiner Frau in der Woche betreut wurde, w\u00e4hrend seine Mutter an einem Deutschkurs teilnahm. Heute nun fanden die Pr\u00fcfungen statt, u.a. auch Einb\u00fcrgerungstests. Und da Tans Mutter keine andere Betreuung f\u00fcr ihren Sohn fand, so kam er zu uns.<\/p>\n<p><img src=\"https:\/\/www.willizblog.de\/blogpicts\/tan.jpg\" alt=\"Ein Tag mit Tan\" \/><\/p>\n<p>Nun, Tan ist ein pfiffiges Kerlchen und wir verstanden uns von Anfang an sehr gut. So fr\u00fchst\u00fcckte er zun\u00e4chst mit uns. Und da mein gro\u00dfer Sohn zz. in einem Zeltlager weilt, nahm Tan seinen Platz ein. Und wie immer, wenn sich meine Familie zum Essen trifft, gab es auch schon an diesem Morgen viel zu erz\u00e4hlen \u2026 und zu lachen. Tan ist eine kleine Schnatterliese, aber ganz lieb und gar nicht nervig. Sp\u00e4ter spielte er mit Lukas ausgelassen.<\/p>\n<p>Apropos Einb\u00fcrgerungstests. Die standen in diesen Tagen einmal wieder in der Diskussion. Ich finde es schon richtig, wenn ausl\u00e4ndische B\u00fcrger, die die deutsche Staatsb\u00fcrgerschaft annehmen wollen, nicht nur halbwegs die Sprache beherrschen sollten, sondern auch einiges Allgemeinwissen zu Land und Leuten, seiner Kultur und Politik haben sollten. Aber wie diese Tests zur Einb\u00fcrgerung aussehen, dar\u00fcber l\u00e4sst sich sicherlich streiten (wird ja auch). In diesem Zusammenhang finde ich es interessant, wie die als Deutsche geborenen B\u00fcrger solche Tests bestehen w\u00fcrden. Hier die Probe aufs Exempel; zun\u00e4chst ein kleiner Test mit 15 Fragen: <a href=\"http:\/\/www.heute.de\/ZDFheute\/inhalt\/13\/0,3672,7248909,00.html\" target=\"_blank\">Einb\u00fcrgerungstest<\/a> \u2013 und wer noch nicht genug hat: <a href=\"http:\/\/www.heute.de\/ZDFheute\/download\/0,6741,7005079,00.pdf\" target=\"_blank\">Hier alle Testfragen als PDF: H\u00e4tten Sie es gewusst?<\/a><\/p>\n<p>Nun Tan wird dieses Jahr eingeschult. Auch er musste einen Test machen, bei dem gepr\u00fcft wurde, ob er eventuell Nachhilfe in Deutsch ben\u00f6tigt. Die braucht er nun wirklich nicht.<\/p>\n<p>siehe auch zdf.de: <a href=\"http:\/\/www.heute.de\/ZDFheute\/inhalt\/8\/0,3672,7263656,00.html\" target=\"_blank\">Bestehen Sie den Einb\u00fcrgerungstest?<\/a><\/p>\n","protected":false},"excerpt":{"rendered":"<p>Heute besuchte uns Tan. Tan ist ein 6-j\u00e4hriger vietnamesischer Junge, der mit anderen Kindern von meiner Frau in der Woche betreut wurde, w\u00e4hrend seine Mutter an einem Deutschkurs teilnahm. Heute nun fanden die Pr\u00fcfungen statt, u.a. auch Einb\u00fcrgerungstests. Und da Tans Mutter keine andere Betreuung f\u00fcr ihren Sohn fand, so kam er zu uns. Nun, &hellip; <a href=\"https:\/\/willizblog.de\/?p=1250\" class=\"more-link\"><span class=\"screen-reader-text\">Ein Tag mit Tan<\/span> weiterlesen <span class=\"meta-nav\">&rarr;<\/span><\/a><\/p>\n","protected":false},"author":1,"featured_media":0,"comment_status":"open","ping_status":"closed","sticky":false,"template":"","format":"standard","meta":[],"categories":[1,11],"tags":[],"_links":{"self":[{"href":"https:\/\/willizblog.de\/index.php?rest_route=\/wp\/v2\/posts\/1250"}],"collection":[{"href":"https:\/\/willizblog.de\/index.php?rest_route=\/wp\/v2\/posts"}],"about":[{"href":"https:\/\/willizblog.de\/index.php?rest_route=\/wp\/v2\/types\/post"}],"author":[{"embeddable":true,"href":"https:\/\/willizblog.de\/index.php?rest_route=\/wp\/v2\/users\/1"}],"replies":[{"embeddable":true,"href":"https:\/\/willizblog.de\/index.php?rest_route=%2Fwp%2Fv2%2Fcomments&post=1250"}],"version-history":[{"count":0,"href":"https:\/\/willizblog.de\/index.php?rest_route=\/wp\/v2\/posts\/1250\/revisions"}],"wp:attachment":[{"href":"https:\/\/willizblog.de\/index.php?rest_route=%2Fwp%2Fv2%2Fmedia&parent=1250"}],"wp:term":[{"taxonomy":"category","embeddable":true,"href":"https:\/\/willizblog.de\/index.php?rest_route=%2Fwp%2Fv2%2Fcategories&post=1250"},{"taxonomy":"post_tag","embeddable":true,"href":"https:\/\/willizblog.de\/index.php?rest_route=%2Fwp%2Fv2%2Ftags&post=1250"}],"curies":[{"name":"wp","href":"https:\/\/api.w.org\/{rel}","templated":true}]}}