{"id":1262,"date":"2008-08-01T00:08:51","date_gmt":"2008-07-31T22:08:51","guid":{"rendered":"http:\/\/www.willizblog.de\/?p=1262"},"modified":"2009-03-23T08:48:08","modified_gmt":"2009-03-23T07:48:08","slug":"unerlaubtes-entfernen-von-der-truppe","status":"publish","type":"post","link":"https:\/\/willizblog.de\/?p=1262","title":{"rendered":"Unerlaubtes Entfernen von der Truppe"},"content":{"rendered":"<p>Beim <a href=\"https:\/\/de.wikipedia.org\/wiki\/Bundeswehr\" target=\"_blank\">\u201eBund\u201c<\/a> wird es mit Knast bestraft. Und fr\u00fcher wurden \u00dcbelt\u00e4ter dieser Art <a href=\"https:\/\/de.wikipedia.org\/wiki\/Standrecht\" target=\"_blank\">standrechtlich<\/a> erschossen. Nun ganz so schlimm wird es nicht kommen. Die brasilianischen Fu\u00dfballprofis Diego von Werder Bremen und Rafinha von Schalke 04 wollen beide f\u00fcr ihr Heimatland beim <a href=\"http:\/\/fussball.zdf.de\/ZDFsport\/inhalt\/8\/0,5676,7272776,00.html\" target=\"_blank\">olympischen Fu\u00dfballturnier<\/a> antreten. Aber ihre Vereine erlauben das nicht, weil beide f\u00fcr die Vorbereitung zur neuen Fu\u00dfballsaison gebraucht werden, die am 15. August startet und sich mit Olympia \u00fcberschneidet. So haben sich beide <a href=\"http:\/\/www.zdf.de\/ZDFmediathek\/content\/549912?inPopup=true\" target=\"_blank\">unerlaubt von ihrem Arbeitsplatz entfernt<\/a>. Zumindest im Fall des Herrn Rafinha droht der Verein mit einer drastischer Geldstrafe.<\/p>\n<p><img src=\"https:\/\/www.willizblog.de\/blogpicts\/peking2008_diego_rafinha.jpg\" alt=\"Diego &#038; Rafinha nach Peking\" \/><\/p>\n<p>Nach l\u00e4ngerem Z\u00f6gern hat nun die zust\u00e4ndige FIFA-Kommission am Mittwoch die Haltung ihres Pr\u00e4sidenten Joseph Blatter best\u00e4tigt, der eine Freistellung der Spieler f\u00fcr Peking angemahnt hatte. Im Urteil berief man sich auf die seit 1988 praktizierte Regelung, dass Spieler unter 23 Jahren von ihren Vereinen f\u00fcr Olympische Spiele freigestellt werden.<\/p>\n<p>Schalke sucht indes nach wie vor die Entscheidung vor der h\u00f6chsten Sportinstanz. Das <a href=\"https:\/\/de.wikipedia.org\/wiki\/Internationaler_Sportgerichtshof\" target=\"_blank\">CAS<\/a> wird also vermutlich am kommenden Montag das letzte Wort haben. Werder Bremen z\u00f6gert noch und l\u00e4sst ihrem Verteidiger Dusko Tosic nach Peking zu fliegen, um dort f\u00fcr die serbische Olympia-Mannschaft anzutreten.<\/p>\n<p>Sicherlich kann man die Vereine verstehen, die auf wichtige Leistungstr\u00e4ger zum Start der neuen Saison nicht verzichten wollen. Es stellt schon eine Art Wettbewerbsverzehrung dar. Trotzdem sollten die Vereine ihren Spielern diese einmalige Chance zugestehen, an einem so einmaligen Sportereignis teilzunehmen. Der \u201e\u00f6ffentliche\u201c Schaden, den die Vereine durch ihre \u201ekleinliche\u201c Weigerung erfahren, ist nicht zu untersch\u00e4tzen. Ihr Renommee hat in meinen Augen gelitten. Werder und Schalke geb\u00e4rden sich als Bonzenvereine. Und genau das will z.B. der SV Werder Bremen nicht sein. Es sieht nun so aus, dass man an der Weser umdenkt. Ich hoffe es wenigstens &#8230;<\/p>\n<p><a href=\"http:\/\/peking.zdf.de\/ZDFsport\/inhalt\/15\/0,5676,7274159,00.html\"  target=\"_blank\">\u00dcbrigens:<\/a> Der CAS nimmt die Klage der beiden Bundesligisten nicht an und begr\u00fcndet dies damit, dass sich die Clubs als Profi-Vereine nicht auf die olympische Charta berufen d\u00fcrften. Gleichwohl ist damit der Streit noch nicht beendet. \u00dcber die Berufungsverfahren beider Vereine muss das Gericht n\u00e4mlich noch entscheiden. Schalke und Bremen hatten laut CAS-Mitteilung die Klage in eine Berufung umgewandelt.<\/p>\n","protected":false},"excerpt":{"rendered":"<p>Beim \u201eBund\u201c wird es mit Knast bestraft. Und fr\u00fcher wurden \u00dcbelt\u00e4ter dieser Art standrechtlich erschossen. Nun ganz so schlimm wird es nicht kommen. Die brasilianischen Fu\u00dfballprofis Diego von Werder Bremen und Rafinha von Schalke 04 wollen beide f\u00fcr ihr Heimatland beim olympischen Fu\u00dfballturnier antreten. Aber ihre Vereine erlauben das nicht, weil beide f\u00fcr die Vorbereitung &hellip; <a href=\"https:\/\/willizblog.de\/?p=1262\" class=\"more-link\"><span class=\"screen-reader-text\">Unerlaubtes Entfernen von der Truppe<\/span> weiterlesen <span class=\"meta-nav\">&rarr;<\/span><\/a><\/p>\n","protected":false},"author":1,"featured_media":0,"comment_status":"open","ping_status":"closed","sticky":false,"template":"","format":"standard","meta":[],"categories":[38,27],"tags":[],"_links":{"self":[{"href":"https:\/\/willizblog.de\/index.php?rest_route=\/wp\/v2\/posts\/1262"}],"collection":[{"href":"https:\/\/willizblog.de\/index.php?rest_route=\/wp\/v2\/posts"}],"about":[{"href":"https:\/\/willizblog.de\/index.php?rest_route=\/wp\/v2\/types\/post"}],"author":[{"embeddable":true,"href":"https:\/\/willizblog.de\/index.php?rest_route=\/wp\/v2\/users\/1"}],"replies":[{"embeddable":true,"href":"https:\/\/willizblog.de\/index.php?rest_route=%2Fwp%2Fv2%2Fcomments&post=1262"}],"version-history":[{"count":0,"href":"https:\/\/willizblog.de\/index.php?rest_route=\/wp\/v2\/posts\/1262\/revisions"}],"wp:attachment":[{"href":"https:\/\/willizblog.de\/index.php?rest_route=%2Fwp%2Fv2%2Fmedia&parent=1262"}],"wp:term":[{"taxonomy":"category","embeddable":true,"href":"https:\/\/willizblog.de\/index.php?rest_route=%2Fwp%2Fv2%2Fcategories&post=1262"},{"taxonomy":"post_tag","embeddable":true,"href":"https:\/\/willizblog.de\/index.php?rest_route=%2Fwp%2Fv2%2Ftags&post=1262"}],"curies":[{"name":"wp","href":"https:\/\/api.w.org\/{rel}","templated":true}]}}