{"id":1269,"date":"2008-08-08T10:49:45","date_gmt":"2008-08-08T08:49:45","guid":{"rendered":"http:\/\/www.willizblog.de\/?p=1269"},"modified":"2008-08-08T13:54:21","modified_gmt":"2008-08-08T11:54:21","slug":"%e2%80%9evogelnest%e2%80%9c-im-visier-%e2%80%93-20-jahre-al-kaida","status":"publish","type":"post","link":"https:\/\/willizblog.de\/?p=1269","title":{"rendered":"\u201eVogelnest\u201c im Visier? \u2013 20 Jahre al-Kaida"},"content":{"rendered":"<p>Trotz extremer Sicherheitsma\u00dfnahmen ist es einigen ausl\u00e4ndischen Aktivisten gelungen, ihren <a href=\"http:\/\/www.heute.de\/ZDFheute\/inhalt\/24\/0,3672,7276152,00.html\" target=\"_blank\">Protest f\u00fcr ein freies Tibet<\/a> durch das Anh\u00e4ngen gr\u00f6\u00dferer Plakate \u00f6ffentlich in Peking kundzutun. Inzwischen ist ein <a href=\"http:\/\/peking.zdf.de\/ZDFsport\/inhalt\/25\/0,5676,7285497,00.html\" target=\"_blank\">Piratensender in Peking auf Sendung<\/a> gegangen, um die Menschenrechtslage in China anzuprangern. Mit weiteren Aktionen ist zu rechnen.<\/p>\n<p><img src=\"https:\/\/www.willizblog.de\/blogpicts\/beijing_2008_nein_danke.gif\" alt=\"Olympia in Peking: Nein, danke!\" \/><\/p>\n<p>Die umfassenden Sicherheitsvorkehrungen sollen aber nat\u00fcrlich nicht nur verhindern, dass politisch motivierte Aktivisten auftreten k\u00f6nnen, sondern dienen vor allem auch der Abwehr von Terroranschl\u00e4gen. Vor 20 Jahren, am 11. August 1988, trafen sich die Anf\u00fchrer zahlreicher Terrorgruppen im pakistanischen Peshawar, um die Globalisierung des Heiligen Krieges zu beschlie\u00dfen. Dieser Tag gilt aus Gr\u00fcndungsdatum der <a href=\"https:\/\/de.wikipedia.org\/wiki\/Al-Qaida\" target=\"_blank\">al-Kaida<\/a> und j\u00e4hrt sich also in diesen Tagen zum 20. Mal. Dieses Jubil\u00e4um und die bevorstehende Pr\u00e4sidentschaftswahl in den USA, so f\u00fcrchten Fahnder in aller Welt, k\u00f6nnten die Terroristen anspornen, ihre Handlungsf\u00e4higkeit auf internationaler Ebene unter Beweis zu stellen. Also vielleicht auch bei den olympischen Spielen in Peking? Ist das \u201eVogelnest\u201c, das Olympiastadion in Peking, vielleicht Ziel von terroristischen Anschl\u00e4gen?<\/p>\n<p>siehe auch zdf.de: <a href=\"http:\/\/www.heute.de\/ZDFheute\/inhalt\/16\/0,3672,7276272,00.html\" target=\"_blank\">Bedrohung f\u00fcr die Olympischen Spiele?<\/a><\/p>\n","protected":false},"excerpt":{"rendered":"<p>Trotz extremer Sicherheitsma\u00dfnahmen ist es einigen ausl\u00e4ndischen Aktivisten gelungen, ihren Protest f\u00fcr ein freies Tibet durch das Anh\u00e4ngen gr\u00f6\u00dferer Plakate \u00f6ffentlich in Peking kundzutun. Inzwischen ist ein Piratensender in Peking auf Sendung gegangen, um die Menschenrechtslage in China anzuprangern. Mit weiteren Aktionen ist zu rechnen. Die umfassenden Sicherheitsvorkehrungen sollen aber nat\u00fcrlich nicht nur verhindern, dass &hellip; <a href=\"https:\/\/willizblog.de\/?p=1269\" class=\"more-link\"><span class=\"screen-reader-text\">\u201eVogelnest\u201c im Visier? \u2013 20 Jahre al-Kaida<\/span> weiterlesen <span class=\"meta-nav\">&rarr;<\/span><\/a><\/p>\n","protected":false},"author":1,"featured_media":0,"comment_status":"open","ping_status":"closed","sticky":false,"template":"","format":"standard","meta":[],"categories":[12,38],"tags":[],"_links":{"self":[{"href":"https:\/\/willizblog.de\/index.php?rest_route=\/wp\/v2\/posts\/1269"}],"collection":[{"href":"https:\/\/willizblog.de\/index.php?rest_route=\/wp\/v2\/posts"}],"about":[{"href":"https:\/\/willizblog.de\/index.php?rest_route=\/wp\/v2\/types\/post"}],"author":[{"embeddable":true,"href":"https:\/\/willizblog.de\/index.php?rest_route=\/wp\/v2\/users\/1"}],"replies":[{"embeddable":true,"href":"https:\/\/willizblog.de\/index.php?rest_route=%2Fwp%2Fv2%2Fcomments&post=1269"}],"version-history":[{"count":0,"href":"https:\/\/willizblog.de\/index.php?rest_route=\/wp\/v2\/posts\/1269\/revisions"}],"wp:attachment":[{"href":"https:\/\/willizblog.de\/index.php?rest_route=%2Fwp%2Fv2%2Fmedia&parent=1269"}],"wp:term":[{"taxonomy":"category","embeddable":true,"href":"https:\/\/willizblog.de\/index.php?rest_route=%2Fwp%2Fv2%2Fcategories&post=1269"},{"taxonomy":"post_tag","embeddable":true,"href":"https:\/\/willizblog.de\/index.php?rest_route=%2Fwp%2Fv2%2Ftags&post=1269"}],"curies":[{"name":"wp","href":"https:\/\/api.w.org\/{rel}","templated":true}]}}