{"id":1271,"date":"2008-08-07T00:03:45","date_gmt":"2008-08-06T22:03:45","guid":{"rendered":"http:\/\/www.willizblog.de\/?p=1271"},"modified":"2008-08-09T17:06:50","modified_gmt":"2008-08-09T15:06:50","slug":"125-jahre-joachim-ringelnatz-morgenwonne","status":"publish","type":"post","link":"https:\/\/willizblog.de\/?p=1271","title":{"rendered":"125 Jahre Joachim Ringelnatz: Morgenwonne"},"content":{"rendered":"<p>Heute vor 125 Jahren wurde <a href=\"https:\/\/de.wikipedia.org\/wiki\/Joachim_Ringelnatz\" target=\"_blank\">Joachim Ringelnatz<\/a> (eigentlich Hans Gustav B\u00f6tticher) geboren. Er war ein deutscher Schriftsteller, Kabarettist und Maler, der vor allem f\u00fcr humoristische Gedichte um die Kunstfigur <em>Kuttel Daddeldu<\/em> bekannt ist.<\/p>\n<p><em>Morgenwonne<\/em><\/p>\n<p><em>Ich bin so knallvergn\u00fcgt erwacht.<br \/>\nIch klatsche meine H\u00fcften.<br \/>\nDas Wasser lockt. Die Seife lacht.<br \/>\nEs d\u00fcrstet mich nach L\u00fcften. <\/em><\/p>\n<p><em>Ein schmuckes Laken macht einen Knicks<br \/>\nUnd gratuliert mir zum Baden.<br \/>\nZwei schwarze Schuhe in blankem Wichs<br \/>\nBetiteln mich &#8222;Euer Gnaden&#8220;. <\/em><\/p>\n<p><em>Aus meiner tiefsten Seele zieht<br \/>\nMit Nasenfl\u00fcgelbeben<br \/>\nEin ungeheurer Appetit<br \/>\nNach Fr\u00fchst\u00fcck und nach Leben.<\/em><\/p>\n<p><a href=\"http:\/\/www.ringelnatz.net\/\" target=\"_blank\">Joachim Ringelnatz<\/a><\/p>\n","protected":false},"excerpt":{"rendered":"<p>Heute vor 125 Jahren wurde Joachim Ringelnatz (eigentlich Hans Gustav B\u00f6tticher) geboren. Er war ein deutscher Schriftsteller, Kabarettist und Maler, der vor allem f\u00fcr humoristische Gedichte um die Kunstfigur Kuttel Daddeldu bekannt ist. Morgenwonne Ich bin so knallvergn\u00fcgt erwacht. Ich klatsche meine H\u00fcften. Das Wasser lockt. Die Seife lacht. Es d\u00fcrstet mich nach L\u00fcften. Ein &hellip; <a href=\"https:\/\/willizblog.de\/?p=1271\" class=\"more-link\"><span class=\"screen-reader-text\">125 Jahre Joachim Ringelnatz: Morgenwonne<\/span> weiterlesen <span class=\"meta-nav\">&rarr;<\/span><\/a><\/p>\n","protected":false},"author":1,"featured_media":0,"comment_status":"open","ping_status":"closed","sticky":false,"template":"","format":"standard","meta":[],"categories":[14],"tags":[],"_links":{"self":[{"href":"https:\/\/willizblog.de\/index.php?rest_route=\/wp\/v2\/posts\/1271"}],"collection":[{"href":"https:\/\/willizblog.de\/index.php?rest_route=\/wp\/v2\/posts"}],"about":[{"href":"https:\/\/willizblog.de\/index.php?rest_route=\/wp\/v2\/types\/post"}],"author":[{"embeddable":true,"href":"https:\/\/willizblog.de\/index.php?rest_route=\/wp\/v2\/users\/1"}],"replies":[{"embeddable":true,"href":"https:\/\/willizblog.de\/index.php?rest_route=%2Fwp%2Fv2%2Fcomments&post=1271"}],"version-history":[{"count":0,"href":"https:\/\/willizblog.de\/index.php?rest_route=\/wp\/v2\/posts\/1271\/revisions"}],"wp:attachment":[{"href":"https:\/\/willizblog.de\/index.php?rest_route=%2Fwp%2Fv2%2Fmedia&parent=1271"}],"wp:term":[{"taxonomy":"category","embeddable":true,"href":"https:\/\/willizblog.de\/index.php?rest_route=%2Fwp%2Fv2%2Fcategories&post=1271"},{"taxonomy":"post_tag","embeddable":true,"href":"https:\/\/willizblog.de\/index.php?rest_route=%2Fwp%2Fv2%2Ftags&post=1271"}],"curies":[{"name":"wp","href":"https:\/\/api.w.org\/{rel}","templated":true}]}}