{"id":1274,"date":"2008-08-12T00:05:03","date_gmt":"2008-08-11T22:05:03","guid":{"rendered":"http:\/\/www.willizblog.de\/?p=1274"},"modified":"2009-03-23T08:46:23","modified_gmt":"2009-03-23T07:46:23","slug":"es-geht-wieder-los","status":"publish","type":"post","link":"https:\/\/willizblog.de\/?p=1274","title":{"rendered":"Es geht wieder los"},"content":{"rendered":"<p>Nach dem DFB-Pokal-Auftakt gegen Eintracht Nordhorn, den  Werder Bremen mit 3:9 gewann, beginnt am kommenden Wochenende auch wieder die Fu\u00dfball-Bundesliga. Diego, der Spielmacher, wird voraussichtlich die ersten beiden Spiele (in Bielefeld und zu Hause gegen Schalke 04) fehlen, da er <a href=\"https:\/\/www.willizblog.de\/?p=1262\" target=\"_blank\">wie berichtet<\/a> ohne Einverst\u00e4ndnis des Vereins an dem olympischen Turnier f\u00fcr Brasilien teilnimmt.<\/p>\n<p>Inzwischen haben sich nach dem <a href=\"http:\/\/www.werder.de\/aktuelles\/news\/meldung.php?id=13703\" target=\"_blank\">Urteil des internationalen Sportgerichts CAS<\/a>, dass es keine Abstellungspflicht f\u00fcr Diego f\u00fcr das olympische Fu\u00dfballturnier gibt und der Erkl\u00e4rung der Gr\u00fcn-Wei\u00dfen, den Brasilianer unter bestimmten Bedingungen trotzdem abzustellen, die Wogen gegl\u00e4ttet, zumal die FIFA Kooperation bei der Umsetzung der Forderungen signalisiert hat. Es geht im Wesentlichen um einen angemessenen Versicherungsschutz f\u00fcr den Spieler, der vom brasilianischen Fu\u00dfball-Verband zu tragen w\u00e4re.<\/p>\n<p>Trotz der Turbulenzen um die Abstellung von Diego f\u00fcr Olympia ging es bei Werder in der Vorbereitung sehr ruhig zu. Einzigster Wermutstropfen ist die Verletzung von Per Mertesacker, der wohl einige Zeit ausfallen wird.<\/p>\n<p>Nach dem Abgang auch von Ivan Klasnic zum <a href=\"https:\/\/de.wikipedia.org\/wiki\/FC_Nantes\" target=\"_blank\">FC Nantes<\/a> stellt sich die Frage nach einem neuen St\u00fcrmer, den auch Diego vehement fordert. Die Werder-F\u00fchrung gibt sich bisher sehr gelassen in dieser Frage. Man will sich Zeit lassen und nichts \u00fcbers Knie brechen. Immerhin haben am Samstag die St\u00fcrmer Rosenberg und Almeida mit zusammen sieben Toren im Spiel gegen Nordhorn gezeigt, dass das Problem tats\u00e4chlich nicht so aktuell sein kann.<\/p>\n<p>Hier alle <a href=\"http:\/\/www.werder.de\/team\/zu_abgaenge.php\" target=\"_blank\">Zu- und Abg\u00e4nge bei Werder Bremen<\/a> ab 1. Januar 2008 (siehe hierzu auch die <a href=\"http:\/\/www.transfermarkt.de\/de\/wettbewerb\/L1\/1bundesliga\/transfers\/transferuebersicht.html\" target=\"_blank\">\u00dcbersicht der aktuellen Spielertransfers<\/a>):<\/p>\n<p><strong>Zug\u00e4nge:<\/strong><\/p>\n<p>Said Husejinovic (FK Sloboda Tuzla, seit 01.07.2008)<br \/>\nSebastian Pr\u00f6dl (SK Sturm Graz, seit 01.07.2008)<br \/>\nNiklas Andersen (Rot-Weiss Essen, seit 01.07.2008)<br \/>\nMesut \u00d6zil (FC Schalke 04, seit 31.01.2008)<\/p>\n<p><strong>Abg\u00e4nge:<\/strong><br \/>\nTim Borowski (FC Bayern M\u00fcnchen, seit 01.07.2008)<br \/>\nKevin Schindler (Hansa Rostock, seit 01.07.2008, ausgeliehen)<br \/>\nIvan Klasnic (seit 01.07.2008 FC Nantes)<br \/>\nPierre Wome (1. FC K\u00f6ln, seit 01.07.2008)<br \/>\nPatrick Owomoyela (Borussia Dortmund, seit 01.07.2008)<br \/>\nAmaury Bischoff (seit 01.07.2008)<br \/>\nLeon Andreasen (FC Fulham, seit 22.01.2008)<br \/>\nJohn Jairo Mosquera (ausgeliehen bis 30.06.2008 Alemannia Aachen, jetzt SonderjyskE)<br \/>\nCarlos Alberto (FC Sao Paulo bis 17.05.2008, jetzt Botafogo Rio de Janeiro, ausgeliehen)<\/p>\n<p>Die aktuellen Spieltermine siehe hier: <a href=\"http:\/\/www.werder.de\/aktuelles\/termine\/termine.php\" target=\"_blank\">Werder-Termine<\/a><\/p>\n","protected":false},"excerpt":{"rendered":"<p>Nach dem DFB-Pokal-Auftakt gegen Eintracht Nordhorn, den Werder Bremen mit 3:9 gewann, beginnt am kommenden Wochenende auch wieder die Fu\u00dfball-Bundesliga. Diego, der Spielmacher, wird voraussichtlich die ersten beiden Spiele (in Bielefeld und zu Hause gegen Schalke 04) fehlen, da er wie berichtet ohne Einverst\u00e4ndnis des Vereins an dem olympischen Turnier f\u00fcr Brasilien teilnimmt. Inzwischen haben &hellip; <a href=\"https:\/\/willizblog.de\/?p=1274\" class=\"more-link\"><span class=\"screen-reader-text\">Es geht wieder los<\/span> weiterlesen <span class=\"meta-nav\">&rarr;<\/span><\/a><\/p>\n","protected":false},"author":1,"featured_media":0,"comment_status":"open","ping_status":"closed","sticky":false,"template":"","format":"standard","meta":[],"categories":[27],"tags":[],"_links":{"self":[{"href":"https:\/\/willizblog.de\/index.php?rest_route=\/wp\/v2\/posts\/1274"}],"collection":[{"href":"https:\/\/willizblog.de\/index.php?rest_route=\/wp\/v2\/posts"}],"about":[{"href":"https:\/\/willizblog.de\/index.php?rest_route=\/wp\/v2\/types\/post"}],"author":[{"embeddable":true,"href":"https:\/\/willizblog.de\/index.php?rest_route=\/wp\/v2\/users\/1"}],"replies":[{"embeddable":true,"href":"https:\/\/willizblog.de\/index.php?rest_route=%2Fwp%2Fv2%2Fcomments&post=1274"}],"version-history":[{"count":0,"href":"https:\/\/willizblog.de\/index.php?rest_route=\/wp\/v2\/posts\/1274\/revisions"}],"wp:attachment":[{"href":"https:\/\/willizblog.de\/index.php?rest_route=%2Fwp%2Fv2%2Fmedia&parent=1274"}],"wp:term":[{"taxonomy":"category","embeddable":true,"href":"https:\/\/willizblog.de\/index.php?rest_route=%2Fwp%2Fv2%2Fcategories&post=1274"},{"taxonomy":"post_tag","embeddable":true,"href":"https:\/\/willizblog.de\/index.php?rest_route=%2Fwp%2Fv2%2Ftags&post=1274"}],"curies":[{"name":"wp","href":"https:\/\/api.w.org\/{rel}","templated":true}]}}