{"id":1281,"date":"2008-08-19T12:44:51","date_gmt":"2008-08-19T10:44:51","guid":{"rendered":"http:\/\/www.willizblog.de\/?p=1281"},"modified":"2009-03-23T08:44:35","modified_gmt":"2009-03-23T07:44:35","slug":"das-bundesliga-orakel","status":"publish","type":"post","link":"https:\/\/willizblog.de\/?p=1281","title":{"rendered":"Pizarro \u201aerobert\u2019 Bremen"},"content":{"rendered":"<p>Auf der Suche nach einem zus\u00e4tzlichen St\u00fcrmer ist der SV Werder Bremen nun doch <a href=\"https:\/\/www.willizblog.de\/?p=1274\" target=\"_blank\">schneller f\u00fcndig geworden<\/a> als gedacht: Claudio Pizarro, bisher beim FC Chelsea London in Diensten, kehrt an die Weser zur\u00fcck, wo er bereits von 1999 bis 2001 gespielt hatte, ehe er erst zum FC Bayern und dann im vergangenen Jahr nach London wechselte. Pizarro ist allerdings nur f\u00fcr ein Jahr ausgeliehen.<\/p>\n<p><img src=\"https:\/\/www.willizblog.de\/blogpicts\/werder0809_allofs_pizarro.jpg\" alt=\"Claudio Pizarro mit SVW-Gesch\u00e4ftsf\u00fchrer Klaus Allofs\" \/><\/p>\n<p><em>St\u00fcrmer Claudio Pizarro hat sich nach seiner R\u00fcckkehr nach Bremen angriffslustig pr\u00e4sentiert. &#8222;Werder hat die Qualit\u00e4t, um Titel zu holen&#8220;, sagte der 29 Jahre alte peruanische Fu\u00dfball-Nationalspieler bei seiner von einem gro\u00dfen Medienrummel begleiteten Vorstellung bei Werder Bremen.<\/em> Pizarro wird bei Werder die Nummer 24 tragen.<\/p>\n","protected":false},"excerpt":{"rendered":"<p>Auf der Suche nach einem zus\u00e4tzlichen St\u00fcrmer ist der SV Werder Bremen nun doch schneller f\u00fcndig geworden als gedacht: Claudio Pizarro, bisher beim FC Chelsea London in Diensten, kehrt an die Weser zur\u00fcck, wo er bereits von 1999 bis 2001 gespielt hatte, ehe er erst zum FC Bayern und dann im vergangenen Jahr nach London &hellip; <a href=\"https:\/\/willizblog.de\/?p=1281\" class=\"more-link\"><span class=\"screen-reader-text\">Pizarro \u201aerobert\u2019 Bremen<\/span> weiterlesen <span class=\"meta-nav\">&rarr;<\/span><\/a><\/p>\n","protected":false},"author":1,"featured_media":0,"comment_status":"open","ping_status":"closed","sticky":false,"template":"","format":"standard","meta":[],"categories":[27],"tags":[],"_links":{"self":[{"href":"https:\/\/willizblog.de\/index.php?rest_route=\/wp\/v2\/posts\/1281"}],"collection":[{"href":"https:\/\/willizblog.de\/index.php?rest_route=\/wp\/v2\/posts"}],"about":[{"href":"https:\/\/willizblog.de\/index.php?rest_route=\/wp\/v2\/types\/post"}],"author":[{"embeddable":true,"href":"https:\/\/willizblog.de\/index.php?rest_route=\/wp\/v2\/users\/1"}],"replies":[{"embeddable":true,"href":"https:\/\/willizblog.de\/index.php?rest_route=%2Fwp%2Fv2%2Fcomments&post=1281"}],"version-history":[{"count":0,"href":"https:\/\/willizblog.de\/index.php?rest_route=\/wp\/v2\/posts\/1281\/revisions"}],"wp:attachment":[{"href":"https:\/\/willizblog.de\/index.php?rest_route=%2Fwp%2Fv2%2Fmedia&parent=1281"}],"wp:term":[{"taxonomy":"category","embeddable":true,"href":"https:\/\/willizblog.de\/index.php?rest_route=%2Fwp%2Fv2%2Fcategories&post=1281"},{"taxonomy":"post_tag","embeddable":true,"href":"https:\/\/willizblog.de\/index.php?rest_route=%2Fwp%2Fv2%2Ftags&post=1281"}],"curies":[{"name":"wp","href":"https:\/\/api.w.org\/{rel}","templated":true}]}}