{"id":1282,"date":"2008-08-21T00:03:14","date_gmt":"2008-08-20T22:03:14","guid":{"rendered":"http:\/\/www.willizblog.de\/?p=1282"},"modified":"2012-01-20T07:48:07","modified_gmt":"2012-01-20T06:48:07","slug":"vor-40-jahren-niederschlagung-des-prager-fruhlings","status":"publish","type":"post","link":"https:\/\/willizblog.de\/?p=1282","title":{"rendered":"Vor 40 Jahren: Niederschlagung des Prager Fr\u00fchlings"},"content":{"rendered":"<p>Im April vor 40 Jahren wurde <a href=\"https:\/\/www.willizblog.de\/?p=1152\" target=\"_blank\">Martin Luther King<\/a> ermordet. F\u00fcr mich war das Anlass, mich n\u00e4her mit ihm und seinem gewaltlosen Protest f\u00fcr die Gleichberechtigung der Schwarzen in den USA auseinander zu setzen. Bereits Jahre zuvor hatte mich der <a href=\"https:\/\/www.willizblog.de\/?p=961\" target=\"_blank\">Tod von John F. Kennedy<\/a>, damals war ich noch keine 10 Jahre alt, sehr betroffen gemacht. Kennedy galt nach seiner ber\u00fchmten Rede am 26. Juni 1963 (knapp 5 Monate vor seiner <a href=\"https:\/\/www.willizblog.de\/?p=964\" target=\"_blank\">Ermordung<\/a>) vor dem Rathaus Sch\u00f6neberg (<a href=\"https:\/\/www.albinz.net\/kopfstand.art\/kopfst13.html\" target=\"_blank\">\u201eIch bin ein Berliner!\u201c<\/a>) besonders auch in Deutschland als Hoffungstr\u00e4ger in der Auseinandersetzung um die geteilte Stadt Berlin.<\/p>\n<p>Im August 1968 nun war ich mit meinen Eltern in <a href=\"https:\/\/de.wikipedia.org\/wiki\/Bad_Liebenzell\" target=\"_blank\">Bad Liebenzell\/Schwarzwald<\/a> in Ferien. Wir waren in einem Ferienhaus der <a href=\"http:\/\/www.liebenzell.org\/\" target=\"_blank\">Liebenzeller Mission<\/a> untergebracht. Wenige Kilometer von Bad Liebenzell entfernt lebte ich bis 1958 einige Zeit mit meinen Eltern und Geschwistern in <a href=\"https:\/\/de.wikipedia.org\/wiki\/Pforzheim\" target=\"_blank\">Pforzheim<\/a>. In s\u00fcdlicher Richtung liegt Calw, der Geburtstort von <a href=\"https:\/\/de.wikipedia.org\/wiki\/Hermann_Hesse\" target=\"_blank\">Hermann Hesse<\/a>.<\/p>\n<p><iframe loading=\"lazy\" width=\"500\" height=\"290\" frameborder=\"0\" scrolling=\"no\" marginheight=\"0\" marginwidth=\"0\" src=\"https:\/\/maps.google.de\/maps?f=q&amp;hl=de&amp;geocode=&amp;q=rappen%C3%A4cker,+bad+liebenzell&amp;sll=48.776569,8.729196&amp;sspn=0.008428,0.016479&amp;ie=UTF8&amp;t=h&amp;s=AARTsJqWFYYRYLTR1t6dhYRx70rNRhi4Ug&amp;ll=48.772101,8.730698&amp;spn=0.004101,0.010729&amp;z=16&amp;output=embed\"><\/iframe><br \/><small><a href=\"https:\/\/maps.google.de\/maps?f=q&amp;hl=de&amp;geocode=&amp;q=rappen%C3%A4cker,+bad+liebenzell&amp;sll=48.776569,8.729196&amp;sspn=0.008428,0.016479&amp;ie=UTF8&amp;t=h&amp;ll=48.772101,8.730698&amp;spn=0.004101,0.010729&amp;z=16&amp;source=embed\" style=\"color:#0000FF;text-align:left\">Gr\u00f6\u00dfere Kartenansicht<\/a><\/small><\/p>\n<p>Eines Morgens nun verbreitete sich die Nachricht, dass Truppen des Warschauer Paktes, so auch der DDR, in die Tschechoslowakei einmarschiert w\u00e4ren, um gewaltsam den Versuch der politischen F\u00fchrung in Prag, das Land zu liberalisieren, was unter der Bezeichnung <a href=\"https:\/\/de.wikipedia.org\/wiki\/Prager_Fr%C3%BChling\" target=\"_blank\">\u201ePrager Fr\u00fchling\u201c<\/a> in die Geschichtsb\u00fccher einging, niederzuschlagen. Es war der 21. August 1968.<\/p>\n<p><img src=\"https:\/\/www.willizblog.de\/blogpicts\/prager_fruehling.jpg\" alt=\"Prag - Wenzelsplatz: Niederschlagung des Prager Fr\u00fchlings\" \/><\/p>\n<p><a href=\"https:\/\/de.wikipedia.org\/wiki\/Alexander_Dub%C4%8Dek\" target=\"_blank\">Alexander Dub&#269;ek<\/a> war am 5. Januar 1968 Ersten Sekret\u00e4r der Kommunistischen Partei geworden und schlug einen reformkommunistischen Kurs in der Tschechoslowakei ein, der f\u00fcr einen Sozialismus mit menschlichem Antlitz einstand. Nach der Zerschlagung der Reformbewegung musste Dub?ek am 17. April 1969 als Parteichef der KP? zur\u00fccktreten.<\/p>\n<p>Ziel der Reformbewegung war ein <a href=\"https:\/\/de.wikipedia.org\/wiki\/Dritter_Weg\" target=\"_blank\">\u201edritter Weg\u201c<\/a> zwischen Kommunismus und Kapitalismus, eine Art <a href=\"https:\/\/de.wikipedia.org\/wiki\/Konkurrenzsozialismus\" target=\"_blank\">Marktsozialismus<\/a> mit demokratischen Strukturen, Pressefreiheit usw. Das ging den Herren in Moskau, Ost-Berlin usw. zu weit. Und so r\u00fcckten in der Nacht vom 20. auf den 21. August vor 40 Jahren Panzer in die tschechoslowakische Hauptstadt ein, um die Reformbewegung im Keim zu ersticken.<\/p>\n<p>Ein letztes Zeichen f\u00fcr den Prager Fr\u00fchling setzten Studenten wie <a href=\"https:\/\/www.willizblog.de\/?p=1243\" target=\"_blank\">Jan Palach<\/a> Anfang 1969, die sich \u00f6ffentlich in Brand steckten.<\/p>\n<p>Siehe auch zdf.de: <a href=\"http:\/\/www.heute.de\/ZDFheute\/inhalt\/26\/0,3672,7291738,00.html\" target=\"_blank\">Das Ende des Fr\u00fchlings<\/a><br \/>\nund die Bilderserie: <a href=\"http:\/\/www.zdf.de\/ZDFmediathek\/content\/523866?inPopup=true\" target=\"_blank\">Prag 1968: Hoffnung von Panzern zermalmt<\/a><\/p>\n<p><em>Er dauerte wenige Monate, der kurze Rausch der Freiheit: Vor 40 Jahren k\u00e4mpfte die Reformbewegung &#8222;Prager Fr\u00fchling&#8220; f\u00fcr mehr Demokratie im Ostblock &#8211; und wurde von den Panzern der Invasion vernichtet.<\/em><\/p>\n","protected":false},"excerpt":{"rendered":"<p>Im April vor 40 Jahren wurde Martin Luther King ermordet. F\u00fcr mich war das Anlass, mich n\u00e4her mit ihm und seinem gewaltlosen Protest f\u00fcr die Gleichberechtigung der Schwarzen in den USA auseinander zu setzen. Bereits Jahre zuvor hatte mich der Tod von John F. Kennedy, damals war ich noch keine 10 Jahre alt, sehr betroffen &hellip; <a href=\"https:\/\/willizblog.de\/?p=1282\" class=\"more-link\"><span class=\"screen-reader-text\">Vor 40 Jahren: Niederschlagung des Prager Fr\u00fchlings<\/span> weiterlesen <span class=\"meta-nav\">&rarr;<\/span><\/a><\/p>\n","protected":false},"author":1,"featured_media":0,"comment_status":"open","ping_status":"closed","sticky":false,"template":"","format":"standard","meta":[],"categories":[12],"tags":[],"_links":{"self":[{"href":"https:\/\/willizblog.de\/index.php?rest_route=\/wp\/v2\/posts\/1282"}],"collection":[{"href":"https:\/\/willizblog.de\/index.php?rest_route=\/wp\/v2\/posts"}],"about":[{"href":"https:\/\/willizblog.de\/index.php?rest_route=\/wp\/v2\/types\/post"}],"author":[{"embeddable":true,"href":"https:\/\/willizblog.de\/index.php?rest_route=\/wp\/v2\/users\/1"}],"replies":[{"embeddable":true,"href":"https:\/\/willizblog.de\/index.php?rest_route=%2Fwp%2Fv2%2Fcomments&post=1282"}],"version-history":[{"count":0,"href":"https:\/\/willizblog.de\/index.php?rest_route=\/wp\/v2\/posts\/1282\/revisions"}],"wp:attachment":[{"href":"https:\/\/willizblog.de\/index.php?rest_route=%2Fwp%2Fv2%2Fmedia&parent=1282"}],"wp:term":[{"taxonomy":"category","embeddable":true,"href":"https:\/\/willizblog.de\/index.php?rest_route=%2Fwp%2Fv2%2Fcategories&post=1282"},{"taxonomy":"post_tag","embeddable":true,"href":"https:\/\/willizblog.de\/index.php?rest_route=%2Fwp%2Fv2%2Ftags&post=1282"}],"curies":[{"name":"wp","href":"https:\/\/api.w.org\/{rel}","templated":true}]}}