{"id":129,"date":"2005-05-05T09:57:26","date_gmt":"2005-05-05T08:57:26","guid":{"rendered":"http:\/\/www.albinz.de\/blog\/?p=129"},"modified":"2005-11-30T08:57:59","modified_gmt":"2005-11-30T07:57:59","slug":"vatertag","status":"publish","type":"post","link":"https:\/\/willizblog.de\/?p=129","title":{"rendered":"Vatertag"},"content":{"rendered":"<p>Vatertag ist der Ehrentag der V\u00e4ter so wie es den Muttertag f\u00fcr die M\u00fctter gibt. Er geht zur\u00fcck auf die Amerikanerin, Louisa Dodd, deren Vater im Sezessionskrieg (1861-65) gek\u00e4mpft hatte. Sie rief 1910 eine Bewegung zur Ehrung von V\u00e4tern ins Leben. Diese Aktivit\u00e4ten wurden so erfolgreich, da\u00df Pr\u00e4sident Calvin Coolidge 1924 eine Empfehlung f\u00fcr die Einf\u00fchrung eines  besonderen Feiertages an die Einzelstaaten der USA herausgab. Die Akzeptanz des Vatertages ist bei weiten Schichten der amerikanischen Bev\u00f6lkerung so gro\u00df, da\u00df Pr\u00e4sident Nixon ihn 1974 endg\u00fcltig in den Rang eines offiziellen Feiertages f\u00fcr jeweils den zweiten Sonntag im Juni erhob.<\/p>\n<p>In Deutschland f\u00e4llt der Vatertag jeweils mit dem Himmelfahrtstag (Christi Himmelfahrt) zusammen und variiert somit jedes Jahr. Bisher hat er hier allerdings nicht denselben Stellenwert gefunden wie in den USA, sondern ist eher als &#8222;Sauftag&#8220; verschrieen. <\/p>\n<p>siehe: <a href=\"http:\/\/www.vaterglueck.de\/vatertag.php\" target=\"_blank\">vaterglueck.de<\/a><\/p>\n","protected":false},"excerpt":{"rendered":"<p>Vatertag ist der Ehrentag der V\u00e4ter so wie es den Muttertag f\u00fcr die M\u00fctter gibt. Er geht zur\u00fcck auf die Amerikanerin, Louisa Dodd, deren Vater im Sezessionskrieg (1861-65) gek\u00e4mpft hatte. Sie rief 1910 eine Bewegung zur Ehrung von V\u00e4tern ins Leben. Diese Aktivit\u00e4ten wurden so erfolgreich, da\u00df Pr\u00e4sident Calvin Coolidge 1924 eine Empfehlung f\u00fcr die &hellip; <a href=\"https:\/\/willizblog.de\/?p=129\" class=\"more-link\"><span class=\"screen-reader-text\">Vatertag<\/span> weiterlesen <span class=\"meta-nav\">&rarr;<\/span><\/a><\/p>\n","protected":false},"author":1,"featured_media":0,"comment_status":"closed","ping_status":"closed","sticky":false,"template":"","format":"standard","meta":[],"categories":[32],"tags":[],"_links":{"self":[{"href":"https:\/\/willizblog.de\/index.php?rest_route=\/wp\/v2\/posts\/129"}],"collection":[{"href":"https:\/\/willizblog.de\/index.php?rest_route=\/wp\/v2\/posts"}],"about":[{"href":"https:\/\/willizblog.de\/index.php?rest_route=\/wp\/v2\/types\/post"}],"author":[{"embeddable":true,"href":"https:\/\/willizblog.de\/index.php?rest_route=\/wp\/v2\/users\/1"}],"replies":[{"embeddable":true,"href":"https:\/\/willizblog.de\/index.php?rest_route=%2Fwp%2Fv2%2Fcomments&post=129"}],"version-history":[{"count":0,"href":"https:\/\/willizblog.de\/index.php?rest_route=\/wp\/v2\/posts\/129\/revisions"}],"wp:attachment":[{"href":"https:\/\/willizblog.de\/index.php?rest_route=%2Fwp%2Fv2%2Fmedia&parent=129"}],"wp:term":[{"taxonomy":"category","embeddable":true,"href":"https:\/\/willizblog.de\/index.php?rest_route=%2Fwp%2Fv2%2Fcategories&post=129"},{"taxonomy":"post_tag","embeddable":true,"href":"https:\/\/willizblog.de\/index.php?rest_route=%2Fwp%2Fv2%2Ftags&post=129"}],"curies":[{"name":"wp","href":"https:\/\/api.w.org\/{rel}","templated":true}]}}