{"id":1290,"date":"2008-08-31T13:05:08","date_gmt":"2008-08-31T11:05:08","guid":{"rendered":"http:\/\/www.willizblog.de\/?p=1290"},"modified":"2008-09-01T13:05:59","modified_gmt":"2008-09-01T11:05:59","slug":"blumenpracht-teil-18","status":"publish","type":"post","link":"https:\/\/willizblog.de\/?p=1290","title":{"rendered":"Blumenpracht Teil 18"},"content":{"rendered":"<p>Der August endet mit Sonnenschein. Die Temperaturen sind milde. Der Garten l\u00e4dt noch einmal zum Verweilen ein. So bl\u00fchen auch jetzt noch viele Blumen. Aber die ersten Anzeichen f\u00fcr den nahenden Herbst sind nicht zu \u00fcbersehen. Schon morgen soll das Wetter umschlagen \u2013 mit Gewitter und Regen. Der Sommer geht so langsam dem Ende entgegen.<\/p>\n<table border=\"0\" cellpadding=\"5\" cellspacing=\"0\" width=\"100%\">\n<tr>\n<td width=\"50%\">\n<p align=\"center\"><img loading=\"lazy\" border=\"0\" src=\"https:\/\/www.willizblog.de\/blogpicts\/blumen2008_08_22.jpg\" alt=\"AlbinZ Blumenpracht - August 2008\" width=\"270\" height=\"203\"><\/td>\n<td width=\"50%\">\n<p align=\"center\"><img loading=\"lazy\" border=\"0\" src=\"https:\/\/www.willizblog.de\/blogpicts\/blumen2008_08_23.jpg\" alt=\"AlbinZ Blumenpracht - August 2008\" width=\"270\" height=\"203\"><\/td>\n<\/tr>\n<tr>\n<td width=\"100%\" colspan=\"2\">\n<p align=\"center\"><font face=\"Lucida Grande, Lucida Sans Unicode, Verdana, sans-serif\" size=\"2\">AlbinZ Blumenpracht &#8211; August 2008<\/font><\/td>\n<\/tr>\n<tr>\n<td width=\"100%\" colspan=\"2\">\n<p align=\"center\"><img loading=\"lazy\" border=\"0\" src=\"https:\/\/www.willizblog.de\/blogpicts\/blumen2008_08_24.jpg\" alt=\"AlbinZ Blumenpracht - August 2008\" width=\"270\" height=\"203\"><\/td>\n<\/tr>\n<tr>\n<td width=\"50%\">\n<p align=\"center\"><img loading=\"lazy\" border=\"0\" src=\"https:\/\/www.willizblog.de\/blogpicts\/blumen2008_08_25.jpg\" alt=\"AlbinZ Blumenpracht - August 2008\" width=\"270\" height=\"203\"><\/td>\n<td width=\"50%\">\n<p align=\"center\"><img loading=\"lazy\" border=\"0\" src=\"https:\/\/www.willizblog.de\/blogpicts\/blumen2008_08_26.jpg\" alt=\"AlbinZ Blumenpracht - August 2008\" width=\"270\" height=\"203\"><\/td>\n<\/tr>\n<\/table>\n","protected":false},"excerpt":{"rendered":"<p>Der August endet mit Sonnenschein. Die Temperaturen sind milde. Der Garten l\u00e4dt noch einmal zum Verweilen ein. So bl\u00fchen auch jetzt noch viele Blumen. Aber die ersten Anzeichen f\u00fcr den nahenden Herbst sind nicht zu \u00fcbersehen. Schon morgen soll das Wetter umschlagen \u2013 mit Gewitter und Regen. Der Sommer geht so langsam dem Ende entgegen. &hellip; <a href=\"https:\/\/willizblog.de\/?p=1290\" class=\"more-link\"><span class=\"screen-reader-text\">Blumenpracht Teil 18<\/span> weiterlesen <span class=\"meta-nav\">&rarr;<\/span><\/a><\/p>\n","protected":false},"author":1,"featured_media":0,"comment_status":"open","ping_status":"closed","sticky":false,"template":"","format":"standard","meta":[],"categories":[16],"tags":[],"_links":{"self":[{"href":"https:\/\/willizblog.de\/index.php?rest_route=\/wp\/v2\/posts\/1290"}],"collection":[{"href":"https:\/\/willizblog.de\/index.php?rest_route=\/wp\/v2\/posts"}],"about":[{"href":"https:\/\/willizblog.de\/index.php?rest_route=\/wp\/v2\/types\/post"}],"author":[{"embeddable":true,"href":"https:\/\/willizblog.de\/index.php?rest_route=\/wp\/v2\/users\/1"}],"replies":[{"embeddable":true,"href":"https:\/\/willizblog.de\/index.php?rest_route=%2Fwp%2Fv2%2Fcomments&post=1290"}],"version-history":[{"count":0,"href":"https:\/\/willizblog.de\/index.php?rest_route=\/wp\/v2\/posts\/1290\/revisions"}],"wp:attachment":[{"href":"https:\/\/willizblog.de\/index.php?rest_route=%2Fwp%2Fv2%2Fmedia&parent=1290"}],"wp:term":[{"taxonomy":"category","embeddable":true,"href":"https:\/\/willizblog.de\/index.php?rest_route=%2Fwp%2Fv2%2Fcategories&post=1290"},{"taxonomy":"post_tag","embeddable":true,"href":"https:\/\/willizblog.de\/index.php?rest_route=%2Fwp%2Fv2%2Ftags&post=1290"}],"curies":[{"name":"wp","href":"https:\/\/api.w.org\/{rel}","templated":true}]}}