{"id":1294,"date":"2008-09-04T00:03:27","date_gmt":"2008-09-03T22:03:27","guid":{"rendered":"http:\/\/www.willizblog.de\/?p=1294"},"modified":"2008-09-04T00:03:27","modified_gmt":"2008-09-03T22:03:27","slug":"ab-nach-polen","status":"publish","type":"post","link":"https:\/\/willizblog.de\/?p=1294","title":{"rendered":"Ab nach Polen"},"content":{"rendered":"<p>Gestern Mittag fuhr der \u00e4ltere meiner zwei S\u00f6hne mit weiteren Sch\u00fclern des <a href=\"http:\/\/www.gymnasiumtostedt.de\/\" target=\"_blank\">Gymnasium Tostedt<\/a> per Bahn los nach Polen. Ziel ist der Partnerort von Tostedt, <a href=\"http:\/\/www.lubaczow.pl\/\" target=\"_blank\">Lubacz\u00f3w<\/a> \u2013 unweit der Grenze zur Ukraine. Seit 1996 besteht ein <a href=\"http:\/\/www.gymnasiumtostedt.de\/Neu\/austausch\/Polen\/polen.htm\" target=\"_blank\">Sch\u00fcleraustausch<\/a> im 2-j\u00e4hrigen Rhythmus, wobei im September das <a href=\"http:\/\/www.lo-lubaczow.pl\/\" target=\"_blank\">Treffen in Polen<\/a>, im darauf folgenden Juni in Deutschland stattfindet.<\/p>\n<p><iframe loading=\"lazy\" width=\"520\" height=\"290\" frameborder=\"0\" scrolling=\"no\" marginheight=\"0\" marginwidth=\"0\" src=\"https:\/\/maps.google.de\/maps?hl=de&amp;ie=UTF8&amp;q=lubaczow&amp;s=AARTsJoxr_2Jo5_ZVVewgE6ekQkUDOKJhg&amp;ll=50.157986,23.135147&amp;spn=0.255153,0.714111&amp;z=10&amp;output=embed\"><\/iframe><br \/>\n<strong>Lubacz\u00f3w\/Polen<\/strong><\/p>\n<p>Die <a href=\"http:\/\/www.nordheide-portal.de\/index.htm?baum_id=895\" target=\"_blank\">Partnerschaft<\/a> zwischen <a href=\"https:\/\/www.willizblog.de\/?cat=11\" target=\"_blank\">Tostedt<\/a> und <a href=\"https:\/\/de.wikipedia.org\/wiki\/Lubacz%C3%B3w\" target=\"_blank\">Lubacz\u00f3w<\/a> besteht bereits seit 1992. Die <a href=\"http:\/\/dpg-kb.werk21system.de\/regionale_gesellschaften\/tostedt.html\" target=\"_blank\">Deutsch-Polnische Gesellschaft Tostedt e.V.<\/a> ist Tr\u00e4ger der Partnerschaft in Tostedt. Neben der Organisation der gegenseitigen Besuche k\u00fcmmern sich die Mitglieder der Gesellschaft intensiv um praktische Hilfe f\u00fcr Lubacz\u00f3w.<\/p>\n<p><a href=\"http:\/\/www.wetter.com\/wetter_aktuell\/wettervorhersage\/7_tagesvorhersage\/?id=PL0PK0001\" target=\"_blank\">Wetter in Rzesz\u00f3w\/Lubaczow \u2013 Polen<\/a> (damit alle Eltern unserer Sch\u00fcler wissen, ob in Polen die Sonne scheint \u2013 wie es aussieht, scheint sie)<\/p>\n","protected":false},"excerpt":{"rendered":"<p>Gestern Mittag fuhr der \u00e4ltere meiner zwei S\u00f6hne mit weiteren Sch\u00fclern des Gymnasium Tostedt per Bahn los nach Polen. Ziel ist der Partnerort von Tostedt, Lubacz\u00f3w \u2013 unweit der Grenze zur Ukraine. Seit 1996 besteht ein Sch\u00fcleraustausch im 2-j\u00e4hrigen Rhythmus, wobei im September das Treffen in Polen, im darauf folgenden Juni in Deutschland stattfindet. Lubacz\u00f3w\/Polen &hellip; <a href=\"https:\/\/willizblog.de\/?p=1294\" class=\"more-link\"><span class=\"screen-reader-text\">Ab nach Polen<\/span> weiterlesen <span class=\"meta-nav\">&rarr;<\/span><\/a><\/p>\n","protected":false},"author":1,"featured_media":0,"comment_status":"open","ping_status":"closed","sticky":false,"template":"","format":"standard","meta":[],"categories":[10,11],"tags":[],"_links":{"self":[{"href":"https:\/\/willizblog.de\/index.php?rest_route=\/wp\/v2\/posts\/1294"}],"collection":[{"href":"https:\/\/willizblog.de\/index.php?rest_route=\/wp\/v2\/posts"}],"about":[{"href":"https:\/\/willizblog.de\/index.php?rest_route=\/wp\/v2\/types\/post"}],"author":[{"embeddable":true,"href":"https:\/\/willizblog.de\/index.php?rest_route=\/wp\/v2\/users\/1"}],"replies":[{"embeddable":true,"href":"https:\/\/willizblog.de\/index.php?rest_route=%2Fwp%2Fv2%2Fcomments&post=1294"}],"version-history":[{"count":0,"href":"https:\/\/willizblog.de\/index.php?rest_route=\/wp\/v2\/posts\/1294\/revisions"}],"wp:attachment":[{"href":"https:\/\/willizblog.de\/index.php?rest_route=%2Fwp%2Fv2%2Fmedia&parent=1294"}],"wp:term":[{"taxonomy":"category","embeddable":true,"href":"https:\/\/willizblog.de\/index.php?rest_route=%2Fwp%2Fv2%2Fcategories&post=1294"},{"taxonomy":"post_tag","embeddable":true,"href":"https:\/\/willizblog.de\/index.php?rest_route=%2Fwp%2Fv2%2Ftags&post=1294"}],"curies":[{"name":"wp","href":"https:\/\/api.w.org\/{rel}","templated":true}]}}