{"id":1295,"date":"2008-09-05T00:04:24","date_gmt":"2008-09-04T22:04:24","guid":{"rendered":"http:\/\/www.willizblog.de\/?p=1295"},"modified":"2008-09-04T08:50:19","modified_gmt":"2008-09-04T06:50:19","slug":"man-at-work","status":"publish","type":"post","link":"https:\/\/willizblog.de\/?p=1295","title":{"rendered":"Man at work"},"content":{"rendered":"<p><img src=\"https:\/\/www.willizblog.de\/blogpicts\/willi_at_work_2008_09.jpg\" alt=\"Willi at work\" \/><\/p>\n<p>Eigentlich mag ich keine Fotos, die mich bei der Arbeit zeigen (zudem auch noch <em>auf<\/em> der Arbeit). So reicht es nur zu einem m\u00fcden L\u00e4cheln. Immerhin k\u00f6nnte man meinen, mein Arbeitsplatz w\u00e4re aufger\u00e4umt, nur die Pflanze im Hintergrund etwas mickrig geraten &#8230; Ich kann nur sagen, dass das t\u00e4uscht (Pflanze, Arbeitsplatz?)!<\/p>\n","protected":false},"excerpt":{"rendered":"<p>Eigentlich mag ich keine Fotos, die mich bei der Arbeit zeigen (zudem auch noch auf der Arbeit). So reicht es nur zu einem m\u00fcden L\u00e4cheln. Immerhin k\u00f6nnte man meinen, mein Arbeitsplatz w\u00e4re aufger\u00e4umt, nur die Pflanze im Hintergrund etwas mickrig geraten &#8230; Ich kann nur sagen, dass das t\u00e4uscht (Pflanze, Arbeitsplatz?)!<\/p>\n","protected":false},"author":1,"featured_media":0,"comment_status":"open","ping_status":"closed","sticky":false,"template":"","format":"standard","meta":[],"categories":[1],"tags":[],"_links":{"self":[{"href":"https:\/\/willizblog.de\/index.php?rest_route=\/wp\/v2\/posts\/1295"}],"collection":[{"href":"https:\/\/willizblog.de\/index.php?rest_route=\/wp\/v2\/posts"}],"about":[{"href":"https:\/\/willizblog.de\/index.php?rest_route=\/wp\/v2\/types\/post"}],"author":[{"embeddable":true,"href":"https:\/\/willizblog.de\/index.php?rest_route=\/wp\/v2\/users\/1"}],"replies":[{"embeddable":true,"href":"https:\/\/willizblog.de\/index.php?rest_route=%2Fwp%2Fv2%2Fcomments&post=1295"}],"version-history":[{"count":0,"href":"https:\/\/willizblog.de\/index.php?rest_route=\/wp\/v2\/posts\/1295\/revisions"}],"wp:attachment":[{"href":"https:\/\/willizblog.de\/index.php?rest_route=%2Fwp%2Fv2%2Fmedia&parent=1295"}],"wp:term":[{"taxonomy":"category","embeddable":true,"href":"https:\/\/willizblog.de\/index.php?rest_route=%2Fwp%2Fv2%2Fcategories&post=1295"},{"taxonomy":"post_tag","embeddable":true,"href":"https:\/\/willizblog.de\/index.php?rest_route=%2Fwp%2Fv2%2Ftags&post=1295"}],"curies":[{"name":"wp","href":"https:\/\/api.w.org\/{rel}","templated":true}]}}