{"id":1297,"date":"2008-09-08T15:33:26","date_gmt":"2008-09-08T13:33:26","guid":{"rendered":"http:\/\/www.willizblog.de\/?p=1297"},"modified":"2008-09-08T15:33:26","modified_gmt":"2008-09-08T13:33:26","slug":"die-kandidaten","status":"publish","type":"post","link":"https:\/\/willizblog.de\/?p=1297","title":{"rendered":"Die Kandidaten"},"content":{"rendered":"<p>Jetzt ist Beck also weg. Aus der Versenkung hervorgekommen nimmt Franz M\u00fcntefering wieder den Vorsitz der SPD ein, w\u00e4hrend Frank-Walter Steinmeier zum Kanzler-Kandidaten seiner Partei gek\u00fcrt wurde. Dass das so schnell kommen w\u00fcrde, damit hat wohl selbst in der SPD keiner gerechnet. Aber es war wohl \u00fcberf\u00e4llig f\u00fcr die Partei, will man bei der n\u00e4chsten Bundestagswahl \u00fcberhaupt eine Chance gegen ein m\u00f6gliches schwarz-gelbes B\u00fcndnis haben. Kurt Beck, der Provinzpolitiker, konnte sich nie hinreichend in Berlin etablieren. Sein Pendelkurs in Sachen rot-gr\u00fcn-rot fand nur wenig Verst\u00e4ndnis bei den B\u00fcrgern. Sicherlich richtig ist die Entscheidung der SPD, zwischen Parteivorsitz und Kanzlerkandidatur personell zu unterscheiden. Aber mit M\u00fcntefering kommt ein Mann der alten Garde, der u.a. f\u00fcr die <a href=\"https:\/\/de.wikipedia.org\/wiki\/Agenda_2010\" target=\"_blank\">Agenda 2010<\/a> steht, zur\u00fcck an die Parteispitze, der die parteiinterne Kluft zwischen den Fl\u00fcgel kaum kitten kann. Wie sich Steinmeier im Wahlkampf gegen Frau Merkel schlagen wird, l\u00e4sst sich heute nicht einsch\u00e4tzen. Frau Merkels Kommentar zu diesem Wechsel (<a href=\"http:\/\/www.heute.de\/ZDFheute\/inhalt\/29\/0,3672,7377949,00.html\" target=\"_blank\">Umgang mit Beck entspricht nicht der W\u00fcrde einer Volkspartei<\/a>) halte ich bereits f\u00fcr Wahlkampf.<\/p>\n<p>Noch bevor der Bundestag im Herbst 2009 gew\u00e4hlt wird, entscheiden in diesem Jahr die US-Amerikaner \u00fcber ihren neuen Pr\u00e4sidenten. Mit Barack Obama (Demokraten) und John McCain (Republikaner) stehen sich zwei Kandidaten gegen\u00fcber, die kaum gegens\u00e4tzlicher sein k\u00f6nnen. Obama, der junge Afroamerikaner, steht f\u00fcr Wandel (Mr. Change), w\u00e4hrend der 71-j\u00e4hrige McCain trotz seines Bekenntnisses zum Politikwechsel und Angriff aufs Washingtoner Polit-Establishment eindeutig konservative Leitlinien vertritt.<\/p>\n<p>Was tut man nicht alles, um an die Macht zu kommen. McCains Nominierung von Sarah Palin zur Vizepr\u00e4sidentin halte ich f\u00fcr einen Schachzug, um u.a. auch W\u00e4hler aus dem demokratischen Lager, die lieber Hillary Clinton als Pr\u00e4sidentschaftskandidatin h\u00e4tten, f\u00fcr sich zu gewinnen.<\/p>\n<p>Noch flie\u00dft viel Wasser den Mississippi und die Spree herab. Wer am Ende gewinnen wird, ist in den USA wie in Deutschland sicherlich davon abh\u00e4ngig, wer heute noch unentschlossene W\u00e4hler an die Urnen zu bringen vermag. Spannung ist angesagt.<\/p>\n<p>siehe zdf.de: <a href=\"http:\/\/uswahl.zdf.de\/ZDFheute\/inhalt\/9\/0,3672,7137641,00.html\" target=\"_blank\">Schwerpunkt US-Wahlkampf 2008<\/a><\/p>\n","protected":false},"excerpt":{"rendered":"<p>Jetzt ist Beck also weg. Aus der Versenkung hervorgekommen nimmt Franz M\u00fcntefering wieder den Vorsitz der SPD ein, w\u00e4hrend Frank-Walter Steinmeier zum Kanzler-Kandidaten seiner Partei gek\u00fcrt wurde. Dass das so schnell kommen w\u00fcrde, damit hat wohl selbst in der SPD keiner gerechnet. Aber es war wohl \u00fcberf\u00e4llig f\u00fcr die Partei, will man bei der n\u00e4chsten &hellip; <a href=\"https:\/\/willizblog.de\/?p=1297\" class=\"more-link\"><span class=\"screen-reader-text\">Die Kandidaten<\/span> weiterlesen <span class=\"meta-nav\">&rarr;<\/span><\/a><\/p>\n","protected":false},"author":1,"featured_media":0,"comment_status":"open","ping_status":"closed","sticky":false,"template":"","format":"standard","meta":[],"categories":[12],"tags":[],"_links":{"self":[{"href":"https:\/\/willizblog.de\/index.php?rest_route=\/wp\/v2\/posts\/1297"}],"collection":[{"href":"https:\/\/willizblog.de\/index.php?rest_route=\/wp\/v2\/posts"}],"about":[{"href":"https:\/\/willizblog.de\/index.php?rest_route=\/wp\/v2\/types\/post"}],"author":[{"embeddable":true,"href":"https:\/\/willizblog.de\/index.php?rest_route=\/wp\/v2\/users\/1"}],"replies":[{"embeddable":true,"href":"https:\/\/willizblog.de\/index.php?rest_route=%2Fwp%2Fv2%2Fcomments&post=1297"}],"version-history":[{"count":0,"href":"https:\/\/willizblog.de\/index.php?rest_route=\/wp\/v2\/posts\/1297\/revisions"}],"wp:attachment":[{"href":"https:\/\/willizblog.de\/index.php?rest_route=%2Fwp%2Fv2%2Fmedia&parent=1297"}],"wp:term":[{"taxonomy":"category","embeddable":true,"href":"https:\/\/willizblog.de\/index.php?rest_route=%2Fwp%2Fv2%2Fcategories&post=1297"},{"taxonomy":"post_tag","embeddable":true,"href":"https:\/\/willizblog.de\/index.php?rest_route=%2Fwp%2Fv2%2Ftags&post=1297"}],"curies":[{"name":"wp","href":"https:\/\/api.w.org\/{rel}","templated":true}]}}