{"id":130,"date":"2005-05-07T13:39:55","date_gmt":"2005-05-07T12:39:55","guid":{"rendered":"http:\/\/www.albinz.de\/blog\/?p=130"},"modified":"2005-10-20T09:59:13","modified_gmt":"2005-10-20T07:59:13","slug":"die-dumpfbacke-unterwegs","status":"publish","type":"post","link":"https:\/\/willizblog.de\/?p=130","title":{"rendered":"Die Dumpfbacke unterwegs (Vatertag-Nachtrag)"},"content":{"rendered":"<table border=\"0\" cellpadding=\"5\" cellspacing=\"0\" width=\"100%\">\n<tr>\n<td width=\"50%\" rowspan=\"2\">\n<p align=\"center\">\n<img loading=\"lazy\" border=\"0\" src=\"https:\/\/www.willizblog.de\/albpics\/dumpbacke_wiesner.jpg\" alt=\"Dumpfbacke Wiesner holt Nachschub\" width=\"167\" height=\"341\"><\/p>\n<\/td>\n<td width=\"50%\">\n<font face=\"Lucida Grande, Lucida Sans Unicode, Verdana, sans-serif\" size=\"2\"><br \/>\nEs sind nicht gerade die V\u00e4ter unter den m\u00e4nnlichen Wesen, die an Himmelfahrt auf Vatertagstour ( = Sauftour) gehen. So wird im Namen der V\u00e4ter unverhohlen Schindluder getrieben.<\/p>\n<p>Echte V\u00e4ter feiern ihren Vatertag am 1. August &#8230; (sind V\u00e4ter nicht die ersten Auguste in ihren Familien?)<\/font><\/td>\n<\/tr>\n<td width=\"50%\" valign=\"bottom\"><font color=\"#FFFFFF\">Wiesner, M\u00fcnzberg und Tolksdorf<\/font><\/p>\n<p><font face=\"Lucida Grande, Lucida Sans Unicode, Verdana, sans-serif\" size=\"2\">W., analphabetische Dumpfbacke und die Asche der <a href=\"http:\/\/www.welt.de\/data\/2005\/04\/13\/690391.html\" target=\"_blank\">Phoenix<\/a>, unterwegs, um Nachschub zu holen. Saukumpan M. sitzt auf dem Trockenen.<\/font><\/p>\n<\/td>\n<\/table>\n","protected":false},"excerpt":{"rendered":"<p>Es sind nicht gerade die V\u00e4ter unter den m\u00e4nnlichen Wesen, die an Himmelfahrt auf Vatertagstour ( = Sauftour) gehen. So wird im Namen der V\u00e4ter unverhohlen Schindluder getrieben. Echte V\u00e4ter feiern ihren Vatertag am 1. August &#8230; (sind V\u00e4ter nicht die ersten Auguste in ihren Familien?) Wiesner, M\u00fcnzberg und Tolksdorf W., analphabetische Dumpfbacke und die &hellip; <a href=\"https:\/\/willizblog.de\/?p=130\" class=\"more-link\"><span class=\"screen-reader-text\">Die Dumpfbacke unterwegs (Vatertag-Nachtrag)<\/span> weiterlesen <span class=\"meta-nav\">&rarr;<\/span><\/a><\/p>\n","protected":false},"author":1,"featured_media":0,"comment_status":"closed","ping_status":"closed","sticky":false,"template":"","format":"standard","meta":[],"categories":[7],"tags":[],"_links":{"self":[{"href":"https:\/\/willizblog.de\/index.php?rest_route=\/wp\/v2\/posts\/130"}],"collection":[{"href":"https:\/\/willizblog.de\/index.php?rest_route=\/wp\/v2\/posts"}],"about":[{"href":"https:\/\/willizblog.de\/index.php?rest_route=\/wp\/v2\/types\/post"}],"author":[{"embeddable":true,"href":"https:\/\/willizblog.de\/index.php?rest_route=\/wp\/v2\/users\/1"}],"replies":[{"embeddable":true,"href":"https:\/\/willizblog.de\/index.php?rest_route=%2Fwp%2Fv2%2Fcomments&post=130"}],"version-history":[{"count":0,"href":"https:\/\/willizblog.de\/index.php?rest_route=\/wp\/v2\/posts\/130\/revisions"}],"wp:attachment":[{"href":"https:\/\/willizblog.de\/index.php?rest_route=%2Fwp%2Fv2%2Fmedia&parent=130"}],"wp:term":[{"taxonomy":"category","embeddable":true,"href":"https:\/\/willizblog.de\/index.php?rest_route=%2Fwp%2Fv2%2Fcategories&post=130"},{"taxonomy":"post_tag","embeddable":true,"href":"https:\/\/willizblog.de\/index.php?rest_route=%2Fwp%2Fv2%2Ftags&post=130"}],"curies":[{"name":"wp","href":"https:\/\/api.w.org\/{rel}","templated":true}]}}