{"id":1301,"date":"2008-09-12T09:22:36","date_gmt":"2008-09-12T07:22:36","guid":{"rendered":"http:\/\/www.willizblog.de\/?p=1301"},"modified":"2008-09-12T09:22:36","modified_gmt":"2008-09-12T07:22:36","slug":"herr-lehmann-im-theater","status":"publish","type":"post","link":"https:\/\/willizblog.de\/?p=1301","title":{"rendered":"Herr Lehmann im Theater"},"content":{"rendered":"<p>Das passt ja gut. Mit dem Roman <a href=\"https:\/\/www.amazon.de\/gp\/product\/382180744X?ie=UTF8&#038;tag=familiealbin-21&#038;linkCode=as2&#038;camp=1638&#038;creative=6742&#038;creativeASIN=382180744X\" target=\"_blank\">Der kleine Bruder<\/a><img loading=\"lazy\" src=\"https:\/\/www.assoc-amazon.de\/e\/ir?t=familiealbin-21&#038;l=as2&#038;o=3&#038;a=382180744X\" width=\"1\" height=\"1\" border=\"0\" alt=\"\" style=\"border:none !important; margin:0px !important;\" \/> hat Sven Regener gerade seine Herr Lehmann-Trilogie vollendet. Es ist eigentlich der mittlere Teil, die Zeit Anfang der 80-er Jahre, als Frank Lehmann, der Protagonist, nach Berlin zu seinem Bruder kommt. Zuvor (in <a href=\"https:\/\/www.willizblog.de\/?p=1171\" target=\"_blank\">Neue Vahr S\u00fcd<\/a>) leistete Lehmann seinen Bundeswehrdienst ab \u2013 danach (in \u201eHerr Lehmann\u201c, der als erstes erschienen war) erlebt er die Zeit vor dem Zusammenbruch der DDR, der Wende, ebenfalls in Berlin.<\/p>\n<p>Und genau dieser letzte Lehmann, \u2019tschuldigung: Herr Lehmann, wird nun vom <a href=\"http:\/\/www.altonaer-theater.de\/\" target=\"_blank\">Altonaer Theater<\/a> in Hamburg auf die B\u00fchne gebracht. Regie f\u00fchrt Mona Kraushaar (B\u00fchne: Katrin Kersten; Kost\u00fcme: Nini von Selzam), Mitwirkende sind u.a. Daniel Adan, Bj\u00f6rn Ahrens, Holger Dexne, Klaus Falkhausen, Victoria Fleer, Stefan Haschke (als Herr Lehmann), Dirk Hoener, Gisela Kraft und Ole Schlo\u00dfhauer <\/p>\n<p>Premiere 14. September 2008, 19 Uhr, Gro\u00dfe B\u00fchne<br \/>\nVorstellungen bis 17. Oktober 2008<br \/>\nKarten zu 15,- bis 29,- \u20ac<\/p>\n<p><img src=\"https:\/\/www.willizblog.de\/blogpicts\/herr_lehmann_altonaer_theater.jpg\" alt=\"Szene aus: Herr Lehmann, Altonaer Theater 2008\" \/><\/p>\n<p><em>&#8222;Das ist doch der letzte Schei\u00df, Lebensinhalt. Man lebt und freut sich dran, das reicht v\u00f6llig.&#8220; <\/em><\/p>\n<p>Mit Herr Lehmann, dem Kultroman von Sven Regener \u2013 der bereits erfolgreich von Leander Hau\u00dfmann verfilmt wurde \u2013 startet das Altonaer Theater in die neue Spielzeit.<br \/>\nFrank Lehmann, den angesichts seines drei\u00dfigsten Geburtstags nun alle unerbittlich Herr Lehmann nennen, hat sich bequem eingerichtet in seinem Kreuzberger Biotop. Seine Tage verbringt er lesend im Bett, abends geht er seinem Kneipen-Job nach und trinkt sich anschlie\u00dfend mit seinen Kumpels philosophierend durch die N\u00e4chte. <\/p>\n<p>Doch unaufhaltsam schleichen sich St\u00f6rungen in seinen hei\u00df geliebten Alltagstrott ein: Nicht nur, dass ihm im Morgengrauen ein Hund den Heimweg versperrt und dann ein Sonntags-Anruf seiner Mutter den Elternbesuch in der Hauptstadt angek\u00fcndigt, zu allem \u00dcberfluss st\u00fcrzt ihn auch noch die sch\u00f6ne K\u00f6chin seiner Lieblingskneipe in totale emotionale Verwirrung. Und w\u00e4hrend sich im Ostteil der Stadt die Aufl\u00f6sung der DDR ank\u00fcndigt, hat Herr Lehmann alle H\u00e4nde voll zu tun, die an ihn herangetretenen Herausforderungen mit lakonischem Galgenhumor zu bew\u00e4ltigen. <\/p>\n<p>Sven Regener, S\u00e4nger und Texter der Band &#8222;Element of Crime&#8220;, beschreibt selbstironisch und mit z\u00e4rtlich-rotziger Nonchalance das Lebensgef\u00fchl der sp\u00e4ten 80er Jahre und liefert ein komisches Portrait eines Lebensk\u00fcnstlers im Vorwende-Berlin.<\/p>\n","protected":false},"excerpt":{"rendered":"<p>Das passt ja gut. Mit dem Roman Der kleine Bruder hat Sven Regener gerade seine Herr Lehmann-Trilogie vollendet. Es ist eigentlich der mittlere Teil, die Zeit Anfang der 80-er Jahre, als Frank Lehmann, der Protagonist, nach Berlin zu seinem Bruder kommt. Zuvor (in Neue Vahr S\u00fcd) leistete Lehmann seinen Bundeswehrdienst ab \u2013 danach (in \u201eHerr &hellip; <a href=\"https:\/\/willizblog.de\/?p=1301\" class=\"more-link\"><span class=\"screen-reader-text\">Herr Lehmann im Theater<\/span> weiterlesen <span class=\"meta-nav\">&rarr;<\/span><\/a><\/p>\n","protected":false},"author":1,"featured_media":0,"comment_status":"open","ping_status":"closed","sticky":false,"template":"","format":"standard","meta":[],"categories":[6,3],"tags":[],"_links":{"self":[{"href":"https:\/\/willizblog.de\/index.php?rest_route=\/wp\/v2\/posts\/1301"}],"collection":[{"href":"https:\/\/willizblog.de\/index.php?rest_route=\/wp\/v2\/posts"}],"about":[{"href":"https:\/\/willizblog.de\/index.php?rest_route=\/wp\/v2\/types\/post"}],"author":[{"embeddable":true,"href":"https:\/\/willizblog.de\/index.php?rest_route=\/wp\/v2\/users\/1"}],"replies":[{"embeddable":true,"href":"https:\/\/willizblog.de\/index.php?rest_route=%2Fwp%2Fv2%2Fcomments&post=1301"}],"version-history":[{"count":0,"href":"https:\/\/willizblog.de\/index.php?rest_route=\/wp\/v2\/posts\/1301\/revisions"}],"wp:attachment":[{"href":"https:\/\/willizblog.de\/index.php?rest_route=%2Fwp%2Fv2%2Fmedia&parent=1301"}],"wp:term":[{"taxonomy":"category","embeddable":true,"href":"https:\/\/willizblog.de\/index.php?rest_route=%2Fwp%2Fv2%2Fcategories&post=1301"},{"taxonomy":"post_tag","embeddable":true,"href":"https:\/\/willizblog.de\/index.php?rest_route=%2Fwp%2Fv2%2Ftags&post=1301"}],"curies":[{"name":"wp","href":"https:\/\/api.w.org\/{rel}","templated":true}]}}