{"id":1302,"date":"2008-09-13T00:01:26","date_gmt":"2008-09-12T22:01:26","guid":{"rendered":"http:\/\/www.willizblog.de\/?p=1302"},"modified":"2008-09-13T00:01:26","modified_gmt":"2008-09-12T22:01:26","slug":"obama-versus-mccain","status":"publish","type":"post","link":"https:\/\/willizblog.de\/?p=1302","title":{"rendered":"Obama versus McCain"},"content":{"rendered":"<p>Mit <a href=\"https:\/\/de.wikipedia.org\/wiki\/Barack_Obama\" target=\"_blank\">Barack Obama<\/a> f\u00fcr die Demokraten und <a href=\"https:\/\/de.wikipedia.org\/wiki\/John_McCain\" target=\"_blank\">John McCain<\/a> f\u00fcr die Republikaner stehen nun die Kandidaten f\u00fcr die US-Pr\u00e4sidentschaftswahlen 2008 fest. Auf den jeweiligen Parteitagen wurden sie nominiert. Aus diesem Anlass hielten beide eine Parteitagsrede, in der sie Eckpunkte ihrer zuk\u00fcnftigen Politik erl\u00e4uterten. Diese Reden sind im Original und mit deutscher \u00dcbersetzung im Internet aufrufbar. Beide Reden habe ich mir in l\u00e4ngeren Ausschnitten angeh\u00f6rt.<\/p>\n<table border=\"0\" cellpadding=\"5\" cellspacing=\"0\" width=\"100%\">\n<tr>\n<td width=\"50%\">\n<p align=\"center\"><img loading=\"lazy\" border=\"0\" src=\"https:\/\/www.willizblog.de\/blogpicts\/barack_obama.jpg\" alt=\"Barack Obama\" width=\"180\" height=\"243\"><\/td>\n<td width=\"50%\">\n<p align=\"center\"><img loading=\"lazy\" border=\"0\" src=\"https:\/\/www.willizblog.de\/blogpicts\/john_mccain.jpg\" alt=\"John McCain\" width=\"180\" height=\"243\"><\/td>\n<\/tr>\n<tr>\n<td width=\"50%\">\n<p align=\"center\"><font face=\"Lucida Grande, Lucida Sans Unicode, Verdana, sans-serif\" size=\"2\">Barack Obama<\/font><\/td>\n<td width=\"50%\">\n<p align=\"center\"><font face=\"Lucida Grande, Lucida Sans Unicode, Verdana, sans-serif\" size=\"2\">John McCain<\/font><\/td>\n<\/tr>\n<\/table>\n<p>Zun\u00e4chst rechnen beide mehr oder weniger direkt mit der Politik von George W. Bush ab. Auch McCain kritisiert die Politik seines Parteifreundes Bush und bekennt sich wie Obama offen zu einem Politikwandel im Land. Der Ausgangspunkt ist bei beiden aber v\u00f6llig gegens\u00e4tzlich. W\u00e4hrend McCain zun\u00e4chst alles in den Dienst f\u00fcr das Land stellt (Country first), fragt Obama , was die Politik f\u00fcr den B\u00fcrger tun kann. Die Vision <a href=\"https:\/\/www.willizblog.de\/?p=1152\" target=\"_blank\">Martin Luther Kings<\/a> wird dabei sichtbar.<\/p>\n<p>Man kann McCain sicherlich als durchaus liberal gelten lassen, f\u00fcr manchen Republikaner zu liberal. Seine Rede wirkt \u00e4hnlich \u00fcberzeugend wie die von Obama. Und doch: Ich kann einfach nicht glauben, dass dieser Mann einen politischen Wandel in den USA bewirken wird. Wie George W. Bush wird er sich auf einen Parteiapparat und Beraterstab st\u00fctzen m\u00fcssen, der entgegen seinen Absichten die Politik pr\u00e4gen wird. In seinem Alter von 72 Jahren wird ihn der jugendliche Elan eines Barack Obama fehlen, um sich gegen seine parteiinternen Gegner durchzusetzen.<\/p>\n<p>Ich muss gestehen, dass mich Obamas Rede (die Ausschnitte davon, die ich gesehen habe) durchaus \u00fcberzeugt haben. In klaren Worten legt er seinen Standpunkt vor und wirkt dabei glaubw\u00fcrdig. Nat\u00fcrlich decken sich in einigen wichtigen Punkten seine An- und Absichten nicht mit meinen. Sicherlich steckte in seiner Rede (wie in der von McCain) bereits viel Wahlkampf. Obama setzte einige Eckwerte und versprach konkrete Ver\u00e4nderungen, die er in der Summe kaum wird einhalten k\u00f6nnen. Auch er wird sich mit und gegen einen Beraterstab behaupten m\u00fcssen. Wenn es aber einen Wandel in den USA geben soll, dann nur durch ihn.<\/p>\n<p>Noch ein Eindruck von mir zu den beiden Parteitagen als solches: Bei den Demokraten wirkten die Delegierten j\u00fcnger, attraktiver und enthusiastischer. Den Parteitag der Republikaner empfand ich teilweise wie ein Seniorentreffen. Und noch ein Hinweis: Die Gestik von John McCain wirkt sehr zombiehaft. Das r\u00fchrt von schweren Verletzungen aus seiner Vietnamteilnahme als Marineflieger her.<\/p>\n<p>Video <a href=\"http:\/\/www.zdf.de\/ZDFmediathek\/content\/571750?inPopup=true\" target=\"_blank\">Obamas Parteitags-Rede mit deutscher \u00dcbersetzung<\/a> &#8230; <a href=\"http:\/\/www.zdf.de\/ZDFmediathek\/content\/571792?inPopup=true\" target=\"_blank\">und im Original<\/a><br \/>\nVideo <a href=\"http:\/\/www.zdf.de\/ZDFmediathek\/content\/577032?inPopup=true\" target=\"_blank\">McCains Parteitags-Rede mit deutscher \u00dcbersetzung<\/a> &#8230; <a href=\"http:\/\/www.zdf.de\/ZDFmediathek\/content\/577030?inPopup=true\" target=\"_blank\">und im Original<\/a><\/p>\n","protected":false},"excerpt":{"rendered":"<p>Mit Barack Obama f\u00fcr die Demokraten und John McCain f\u00fcr die Republikaner stehen nun die Kandidaten f\u00fcr die US-Pr\u00e4sidentschaftswahlen 2008 fest. Auf den jeweiligen Parteitagen wurden sie nominiert. Aus diesem Anlass hielten beide eine Parteitagsrede, in der sie Eckpunkte ihrer zuk\u00fcnftigen Politik erl\u00e4uterten. Diese Reden sind im Original und mit deutscher \u00dcbersetzung im Internet aufrufbar. &hellip; <a href=\"https:\/\/willizblog.de\/?p=1302\" class=\"more-link\"><span class=\"screen-reader-text\">Obama versus McCain<\/span> weiterlesen <span class=\"meta-nav\">&rarr;<\/span><\/a><\/p>\n","protected":false},"author":1,"featured_media":0,"comment_status":"open","ping_status":"closed","sticky":false,"template":"","format":"standard","meta":[],"categories":[12],"tags":[],"_links":{"self":[{"href":"https:\/\/willizblog.de\/index.php?rest_route=\/wp\/v2\/posts\/1302"}],"collection":[{"href":"https:\/\/willizblog.de\/index.php?rest_route=\/wp\/v2\/posts"}],"about":[{"href":"https:\/\/willizblog.de\/index.php?rest_route=\/wp\/v2\/types\/post"}],"author":[{"embeddable":true,"href":"https:\/\/willizblog.de\/index.php?rest_route=\/wp\/v2\/users\/1"}],"replies":[{"embeddable":true,"href":"https:\/\/willizblog.de\/index.php?rest_route=%2Fwp%2Fv2%2Fcomments&post=1302"}],"version-history":[{"count":0,"href":"https:\/\/willizblog.de\/index.php?rest_route=\/wp\/v2\/posts\/1302\/revisions"}],"wp:attachment":[{"href":"https:\/\/willizblog.de\/index.php?rest_route=%2Fwp%2Fv2%2Fmedia&parent=1302"}],"wp:term":[{"taxonomy":"category","embeddable":true,"href":"https:\/\/willizblog.de\/index.php?rest_route=%2Fwp%2Fv2%2Fcategories&post=1302"},{"taxonomy":"post_tag","embeddable":true,"href":"https:\/\/willizblog.de\/index.php?rest_route=%2Fwp%2Fv2%2Ftags&post=1302"}],"curies":[{"name":"wp","href":"https:\/\/api.w.org\/{rel}","templated":true}]}}