{"id":1306,"date":"2008-09-17T10:29:09","date_gmt":"2008-09-17T08:29:09","guid":{"rendered":"http:\/\/www.willizblog.de\/?p=1306"},"modified":"2009-05-27T14:42:10","modified_gmt":"2009-05-27T12:42:10","slug":"czesc-polska","status":"publish","type":"post","link":"https:\/\/willizblog.de\/?p=1306","title":{"rendered":"Czesc, Polska!"},"content":{"rendered":"<p>Hallo, Polen! Vom 3. bis zum 13. September waren rd. 20 Sch\u00fcler und Sch\u00fclerinnen des <a href=\"http:\/\/www.gymnasiumtostedt.de\/Neu\/Austausch\/Polen\/polen.htm\" target=\"_blank\">Gymnasium Tostedt<\/a> (u.a. mein Sohn Jan) zum Sch\u00fcleraustausch in Polen und f\u00fcr eine Woche bei Gastfamilien von Sch\u00fclern des Liceum <a href=\"https:\/\/en.wikipedia.org\/wiki\/Liceum_Og%C3%B3lnokszta%C5%82c%C4%85ce\" target=\"_blank\">og\u00f3lnoksztalcace<\/a> im. Tadeusza Kosciuszki im Partnerschaftsort Lubacz\u00f3w als G\u00e4ste untergebracht.<\/p>\n<p>Hier einige erste Bilder von dieser Reise:<\/p>\n<table border=\"0\" cellspacing=\"0\" cellpadding=\"5\" width=\"100%\">\n<tbody>\n<tr>\n<td width=\"50%\">\n<p align=\"center\"><img loading=\"lazy\" src=\"https:\/\/www.willizblog.de\/blogpicts\/polen_01.jpg\" border=\"0\" alt=\"Sch\u00fcleraustausch 2008 Tostedt (D) - Lubaczow (PL)\" width=\"270\" height=\"181\" \/><\/p>\n<\/td>\n<td width=\"50%\">\n<p align=\"center\"><img loading=\"lazy\" src=\"https:\/\/www.willizblog.de\/blogpicts\/polen_02.jpg\" border=\"0\" alt=\"Sch\u00fcleraustausch 2008 Tostedt (D) - Lubaczow (PL)\" width=\"270\" height=\"181\" \/><\/p>\n<\/td>\n<\/tr>\n<tr>\n<td colspan=\"2\" width=\"100%\">\n<p align=\"center\"><span style=\"font-size: x-small; font-family: Lucida Grande, Lucida Sans Unicode, Verdana, sans-serif;\">Sch\u00fcleraustausch 2008 Tostedt (D) \u2013 Lubaczow (PL)<\/span><\/p>\n<\/td>\n<\/tr>\n<tr>\n<td width=\"50%\">\n<p align=\"center\"><img loading=\"lazy\" src=\"https:\/\/www.willizblog.de\/blogpicts\/polen_03.jpg\" border=\"0\" alt=\"Sch\u00fcleraustausch 2008 Tostedt (D) - Lubaczow (PL)\" width=\"270\" height=\"181\" \/><\/p>\n<\/td>\n<td width=\"50%\">\n<p align=\"center\"><img loading=\"lazy\" src=\"https:\/\/www.willizblog.de\/blogpicts\/polen_04.jpg\" border=\"0\" alt=\"Sch\u00fcleraustausch 2008 Tostedt (D) - Lubaczow (PL)\" width=\"270\" height=\"181\" \/><\/p>\n<\/td>\n<\/tr>\n<tr>\n<td width=\"50%\">\n<p align=\"center\"><img loading=\"lazy\" src=\"https:\/\/www.willizblog.de\/blogpicts\/polen_05.jpg\" border=\"0\" alt=\"Sch\u00fcleraustausch 2008 Tostedt (D) - Lubaczow (PL)\" width=\"270\" height=\"181\" \/><\/p>\n<\/td>\n<td width=\"50%\">\n<p align=\"center\"><img loading=\"lazy\" src=\"https:\/\/www.willizblog.de\/blogpicts\/polen_06.jpg\" border=\"0\" alt=\"Sch\u00fcleraustausch 2008 Tostedt (D) - Lubaczow (PL)\" width=\"270\" height=\"181\" \/><\/p>\n<\/td>\n<\/tr>\n<\/tbody>\n<\/table>\n<p>Diese Bilder stammen von der <a href=\"http:\/\/www.lo-lubaczow.pl\/\" target=\"_blank\">Website des Lizeums in Lubacz\u00f3w<\/a>. Hier finden sich noch weitere Fotos und kurze Beschreibungen des Tagesgeschehens (allerdings auf <a href=\"http:\/\/www.ponsline.de\/cgi-bin\/wb\/w.pl?&amp;Richtung=Polnisch\" target=\"_blank\">Polnisch<\/a>):<\/p>\n<p><a href=\"http:\/\/www.lo-lubaczow.pl\/index.php?option=com_content&amp;view=article&amp;id=130:Wymiana m?odzie?y - dzie? 1&amp;catid=1:latest-news\" target=\"_blank\">1. Tag (04.09.2008)<\/a><\/p>\n<p><a href=\"http:\/\/www.lo-lubaczow.pl\/index.php?option=com_content&amp;view=article&amp;id=131:Wymiana m?odzie?y - dzie? 2 &amp;catid=1:latest-news\" target=\"_blank\">2. Tag (05.09.2008)<\/a><\/p>\n<p><a href=\"http:\/\/www.lo-lubaczow.pl\/index.php?option=com_content&amp;view=article&amp;id=133:Wymiana m?odzie?y - dzie? 3&amp;catid=1:latest-news\" target=\"_blank\">3. Tag (06.09.2008)<\/a><\/p>\n<p><a href=\"http:\/\/www.lo-lubaczow.pl\/index.php?option=com_content&amp;view=article&amp;id=134:Wymiana m?odzie?y - dzie? 4&amp;catid=1:latest-news\" target=\"_blank\">4. Tag (07.09.2008)<\/a><\/p>\n<p><a href=\"http:\/\/www.lo-lubaczow.pl\/index.php?option=com_content&amp;view=article&amp;id=135:Wymiana m?odzie?y - dzie? 5&amp;catid=1:latest-news\" target=\"_blank\">5. Tag (08.09.2008)<\/a><\/p>\n<p><a href=\"http:\/\/www.lo-lubaczow.pl\/index.php?option=com_content&amp;view=article&amp;id=136:Wymiana m?odzie?y - dzie? 6&amp;catid=1:latest-news\" target=\"_blank\">6. Tag (09.09.2008)<\/a><\/p>\n<p><a href=\"http:\/\/www.lo-lubaczow.pl\/index.php?option=com_content&amp;view=article&amp;id=138:Wymiana%20m?odzie?y%20-%20dzie?%207&amp;catid=1:latest-news\" target=\"_blank\">7. Tag (10.09.2008)<\/a><\/p>\n<p><a href=\"http:\/\/www.lo-lubaczow.pl\/index.php?option=com_content&amp;view=article&amp;id=140:Wymiana m?odzie?y - dzie? 8 &amp;catid=1:latest-news\" target=\"_blank\">8. Tag (11.09.2008)<\/a><\/p>\n<p><a href=\"http:\/\/www.lo-lubaczow.pl\/index.php?option=com_content&amp;view=article&amp;id=141:Wymiana m?odzie?y - dzie? 9&amp;catid=1:latest-news\" target=\"_blank\">9. Tag (12.09.2008) u.a. Besuch in Auschwitz-Birkenau<\/a><\/p>\n<p><strong>Do widzenia!<\/strong> <em>Auf Wiedersehen<\/em> im Juni\/Juli 2009 in Tostedt &#8211; und ein ganz besonderer Gru\u00df und vielen Dank f\u00fcr die Gastfreundschaft von Jan an Piotr.<\/p>\n<p>Siehe auch meinen Beitrag: <a href=\"http:\/\/www.willziblog.de\/?p=1294\" target=\"_blank\">Ab nach Polen<\/a><\/p>\n","protected":false},"excerpt":{"rendered":"<p>Hallo, Polen! Vom 3. bis zum 13. September waren rd. 20 Sch\u00fcler und Sch\u00fclerinnen des Gymnasium Tostedt (u.a. mein Sohn Jan) zum Sch\u00fcleraustausch in Polen und f\u00fcr eine Woche bei Gastfamilien von Sch\u00fclern des Liceum og\u00f3lnoksztalcace im. Tadeusza Kosciuszki im Partnerschaftsort Lubacz\u00f3w als G\u00e4ste untergebracht. Hier einige erste Bilder von dieser Reise: Sch\u00fcleraustausch 2008 Tostedt &hellip; <a href=\"https:\/\/willizblog.de\/?p=1306\" class=\"more-link\"><span class=\"screen-reader-text\">Czesc, Polska!<\/span> weiterlesen <span class=\"meta-nav\">&rarr;<\/span><\/a><\/p>\n","protected":false},"author":1,"featured_media":0,"comment_status":"open","ping_status":"closed","sticky":false,"template":"","format":"standard","meta":[],"categories":[10,11],"tags":[],"_links":{"self":[{"href":"https:\/\/willizblog.de\/index.php?rest_route=\/wp\/v2\/posts\/1306"}],"collection":[{"href":"https:\/\/willizblog.de\/index.php?rest_route=\/wp\/v2\/posts"}],"about":[{"href":"https:\/\/willizblog.de\/index.php?rest_route=\/wp\/v2\/types\/post"}],"author":[{"embeddable":true,"href":"https:\/\/willizblog.de\/index.php?rest_route=\/wp\/v2\/users\/1"}],"replies":[{"embeddable":true,"href":"https:\/\/willizblog.de\/index.php?rest_route=%2Fwp%2Fv2%2Fcomments&post=1306"}],"version-history":[{"count":0,"href":"https:\/\/willizblog.de\/index.php?rest_route=\/wp\/v2\/posts\/1306\/revisions"}],"wp:attachment":[{"href":"https:\/\/willizblog.de\/index.php?rest_route=%2Fwp%2Fv2%2Fmedia&parent=1306"}],"wp:term":[{"taxonomy":"category","embeddable":true,"href":"https:\/\/willizblog.de\/index.php?rest_route=%2Fwp%2Fv2%2Fcategories&post=1306"},{"taxonomy":"post_tag","embeddable":true,"href":"https:\/\/willizblog.de\/index.php?rest_route=%2Fwp%2Fv2%2Ftags&post=1306"}],"curies":[{"name":"wp","href":"https:\/\/api.w.org\/{rel}","templated":true}]}}