{"id":1308,"date":"2008-09-19T08:31:58","date_gmt":"2008-09-19T06:31:58","guid":{"rendered":"http:\/\/www.willizblog.de\/?p=1308"},"modified":"2010-01-29T09:20:10","modified_gmt":"2010-01-29T08:20:10","slug":"wilfredo-a-gegen-windmuhlen-kampfen","status":"publish","type":"post","link":"https:\/\/willizblog.de\/?p=1308","title":{"rendered":"Wilfredo A.: Gegen Windm\u00fchlen k\u00e4mpfen"},"content":{"rendered":"<p>Nachdem <a href=\"http:\/\/youtube.com\/user\/kretakatze\" target=\"_blank\">Kretakatze<\/a> den Mut gefasst hat, uns einige Lieder vorzusingen, habe ich alte Musikkassetten hervorgeholt, entstaubt und teilweise digitalisiert (soweit das \u00fcberhaupt noch ging), die u.a. Aufnahmen von mir aus grauer Vorzeit enthalten \u2013 nicht nur selber gesungen und gespielt, sondern auch noch mit Herzblut selbst verfasst.<\/p>\n<p>Im Jahre 1980 hatte ich zum ersten Mal <a href=\"https:\/\/de.wikipedia.org\/wiki\/Miguel_de_Cervantes\" target=\"_blank\">Miguel de Cervantes Saavedras<\/a> <a href=\"https:\/\/de.wikipedia.org\/wiki\/Don_Quijote\" target=\"_blank\">\u201eDon Quixote\u201c<\/a> gelesen. Das Buch habe ich in drei Taschenbuchb\u00e4nden, die insgesamt immerhin \u00fcber 1300 Seiten ausmachen und liebevoll von <a href=\"https:\/\/de.wikipedia.org\/wiki\/Grandville\" target=\"_blank\">Grandville<\/a> illustriert wurden. Dieses Epos wurde (neben anderen Romanen von Bedeutung) zum Ausgangspunkt f\u00fcr mich zu einer kleinen Sammlung von Liedern.<\/p>\n<p>Das h\u00f6rt sich hochtrabend an, ist es aber nicht. Es sind damals, eben im Jahre 1980, lediglich einige Lieder entstanden, die nur f\u00fcr meinen Privatgebrauch gedacht waren. Schon bald habe ich mich dann auch daran gemacht, sie mit einem 2-Spur-Tonbandger\u00e4t aufzunehmen. Der einfacheren Handhabung wegen habe ich die Aufnahmen dann auf Musikkassette \u00fcberspielt. Die Tonb\u00e4nder sind zwar noch vorhanden, das Tonbandger\u00e4t allerdings ist l\u00e4ngst verschrottet worden.<\/p>\n<p>Die erste Aufnahme von damals habe ich nun als Video bei youtube eingestellt. Um dem m\u00f6glichen Betrachter und Zuh\u00f6rer die Sorge, hierzu eine Bewertung oder gar einen Kommentar abgeben zu m\u00fcssen, zu ersparen, habe ich Bewertungs- und Kommentarm\u00f6glichkeiten von vorn herein abgeklemmt. Man mag die Qualit\u00e4t entschuldigen (u.a. ist die Aufnahme etwas \u00fcbersteuert). Aber genug der Vorrede:<\/p>\n<p><em>Gegen Windm\u00fchlen k\u00e4mpfen<\/em><\/p>\n<p>Es ist schwer allein<br \/>\nGegen Windm\u00fchlen zu k\u00e4mpfen.<br \/>\nEs ist schwer allein<br \/>\nSeinen Weg zu finden.<br \/>\nEs ist schwer, unverstanden<br \/>\nin die Welt zu ziehen, einem Traume nach.<br \/>\nEs ist schwer, in fremden Landen<br \/>\nTr\u00e4ume zu bewahren, nur den Himmel als Dach.<\/p>\n<p>Don Q., der einsame Ritter<br \/>\nZog im schwersten Gewitter<br \/>\nallein mit Pferd und Knappen<br \/>\nUm den Kopf den feuchten Lappen<br \/>\nDer gegen die Hitze ihn k\u00fchle<br \/>\nZog er los gegen die M\u00fchle<br \/>\nZog er alleine los, um gegen Windm\u00fchlen zu k\u00e4mpfen.<\/p>\n<p>Bel\u00e4chelt und f\u00fcr irre gehalten<br \/>\nK\u00e4mpfte er gegen unsichtbar&#8216; Gestalten.<br \/>\nDie Sonne brannte hei\u00df<br \/>\nAuf den blanken Sand, wer wei\u00df<br \/>\nWo sein Ziel in der Ferne lag<br \/>\nEs lag in der Ferne, wer mag<br \/>\nschon gegen Windm\u00fchlen k\u00e4mpfen, die sich im Winde drehen.<\/p>\n<p>Aufgenommen am 03.04.1980 in Bremen<\/p>\n<p><object width=\"425\" height=\"344\"><param name=\"movie\" value=\"https:\/\/www.youtube.com\/v\/25aOUn9AqNM&#038;hl=de&#038;fs=1\"><\/param><param name=\"allowFullScreen\" value=\"true\"><\/param><param name=\"allowscriptaccess\" value=\"always\"><\/param><embed src=\"https:\/\/www.youtube.com\/v\/25aOUn9AqNM&#038;hl=de&#038;fs=1\" type=\"application\/x-shockwave-flash\" allowscriptaccess=\"always\" allowfullscreen=\"true\" width=\"425\" height=\"344\"><\/embed><\/object><br \/>\nWilli singt: Gegen Windm\u00fchlen k\u00e4mpfen<\/p>\n","protected":false},"excerpt":{"rendered":"<p>Nachdem Kretakatze den Mut gefasst hat, uns einige Lieder vorzusingen, habe ich alte Musikkassetten hervorgeholt, entstaubt und teilweise digitalisiert (soweit das \u00fcberhaupt noch ging), die u.a. Aufnahmen von mir aus grauer Vorzeit enthalten \u2013 nicht nur selber gesungen und gespielt, sondern auch noch mit Herzblut selbst verfasst. Im Jahre 1980 hatte ich zum ersten Mal &hellip; <a href=\"https:\/\/willizblog.de\/?p=1308\" class=\"more-link\"><span class=\"screen-reader-text\">Wilfredo A.: Gegen Windm\u00fchlen k\u00e4mpfen<\/span> weiterlesen <span class=\"meta-nav\">&rarr;<\/span><\/a><\/p>\n","protected":false},"author":1,"featured_media":0,"comment_status":"open","ping_status":"closed","sticky":false,"template":"","format":"standard","meta":[],"categories":[5,30],"tags":[],"_links":{"self":[{"href":"https:\/\/willizblog.de\/index.php?rest_route=\/wp\/v2\/posts\/1308"}],"collection":[{"href":"https:\/\/willizblog.de\/index.php?rest_route=\/wp\/v2\/posts"}],"about":[{"href":"https:\/\/willizblog.de\/index.php?rest_route=\/wp\/v2\/types\/post"}],"author":[{"embeddable":true,"href":"https:\/\/willizblog.de\/index.php?rest_route=\/wp\/v2\/users\/1"}],"replies":[{"embeddable":true,"href":"https:\/\/willizblog.de\/index.php?rest_route=%2Fwp%2Fv2%2Fcomments&post=1308"}],"version-history":[{"count":0,"href":"https:\/\/willizblog.de\/index.php?rest_route=\/wp\/v2\/posts\/1308\/revisions"}],"wp:attachment":[{"href":"https:\/\/willizblog.de\/index.php?rest_route=%2Fwp%2Fv2%2Fmedia&parent=1308"}],"wp:term":[{"taxonomy":"category","embeddable":true,"href":"https:\/\/willizblog.de\/index.php?rest_route=%2Fwp%2Fv2%2Fcategories&post=1308"},{"taxonomy":"post_tag","embeddable":true,"href":"https:\/\/willizblog.de\/index.php?rest_route=%2Fwp%2Fv2%2Ftags&post=1308"}],"curies":[{"name":"wp","href":"https:\/\/api.w.org\/{rel}","templated":true}]}}