{"id":131,"date":"2005-05-06T13:25:22","date_gmt":"2005-05-06T12:25:22","guid":{"rendered":"http:\/\/www.albinz.de\/blog\/?p=131"},"modified":"2005-10-20T09:59:46","modified_gmt":"2005-10-20T07:59:46","slug":"westerwelle-der-historische-irrtum","status":"publish","type":"post","link":"https:\/\/willizblog.de\/?p=131","title":{"rendered":"Westerwelle &#8211; der historische Irrtum"},"content":{"rendered":"<p>Westerwelle ruft zur Abwahl der rot-gr\u00fcnen Regierungen im Bund und in Nordrhein-Westfalen auf. Rot-Gr\u00fcn sei ein &#8222;historischer Irrtum&#8220;, sagte Westerwelle am Donnerstag beim FDP-Parteitag in K\u00f6ln vor den etwa 660 Delegierten (so viele Mitglieder hat die Partei noch?).<\/p>\n<ul><img src=\"https:\/\/www.willizblog.de\/albpics\/westerwelle.jpg\" alt=\"Westerwelle  ringt mit Rot-Gr\u00fcn!\" \/>   Westerwelle  ringt mit Rot-Gr\u00fcn!<\/ul>\n<p>Dabei ist Westerwelle mit seiner F.D.P. (das mit den P\u00fcnktchen war wirklich geil und sollte unbedingt wieder eingef\u00fchrt werden) selbst ein historischer Irrtum. Hat da Guido, der Troll, vielleicht ohne seine Brille in den  Spiegel (den gl\u00e4sernen) geguckt?<\/p>\n","protected":false},"excerpt":{"rendered":"<p>Westerwelle ruft zur Abwahl der rot-gr\u00fcnen Regierungen im Bund und in Nordrhein-Westfalen auf. Rot-Gr\u00fcn sei ein &#8222;historischer Irrtum&#8220;, sagte Westerwelle am Donnerstag beim FDP-Parteitag in K\u00f6ln vor den etwa 660 Delegierten (so viele Mitglieder hat die Partei noch?). Westerwelle ringt mit Rot-Gr\u00fcn! Dabei ist Westerwelle mit seiner F.D.P. (das mit den P\u00fcnktchen war wirklich geil &hellip; <a href=\"https:\/\/willizblog.de\/?p=131\" class=\"more-link\"><span class=\"screen-reader-text\">Westerwelle &#8211; der historische Irrtum<\/span> weiterlesen <span class=\"meta-nav\">&rarr;<\/span><\/a><\/p>\n","protected":false},"author":1,"featured_media":0,"comment_status":"closed","ping_status":"closed","sticky":false,"template":"","format":"standard","meta":[],"categories":[29],"tags":[],"_links":{"self":[{"href":"https:\/\/willizblog.de\/index.php?rest_route=\/wp\/v2\/posts\/131"}],"collection":[{"href":"https:\/\/willizblog.de\/index.php?rest_route=\/wp\/v2\/posts"}],"about":[{"href":"https:\/\/willizblog.de\/index.php?rest_route=\/wp\/v2\/types\/post"}],"author":[{"embeddable":true,"href":"https:\/\/willizblog.de\/index.php?rest_route=\/wp\/v2\/users\/1"}],"replies":[{"embeddable":true,"href":"https:\/\/willizblog.de\/index.php?rest_route=%2Fwp%2Fv2%2Fcomments&post=131"}],"version-history":[{"count":0,"href":"https:\/\/willizblog.de\/index.php?rest_route=\/wp\/v2\/posts\/131\/revisions"}],"wp:attachment":[{"href":"https:\/\/willizblog.de\/index.php?rest_route=%2Fwp%2Fv2%2Fmedia&parent=131"}],"wp:term":[{"taxonomy":"category","embeddable":true,"href":"https:\/\/willizblog.de\/index.php?rest_route=%2Fwp%2Fv2%2Fcategories&post=131"},{"taxonomy":"post_tag","embeddable":true,"href":"https:\/\/willizblog.de\/index.php?rest_route=%2Fwp%2Fv2%2Ftags&post=131"}],"curies":[{"name":"wp","href":"https:\/\/api.w.org\/{rel}","templated":true}]}}