{"id":1310,"date":"2008-09-21T16:41:23","date_gmt":"2008-09-21T14:41:23","guid":{"rendered":"http:\/\/www.willizblog.de\/?p=1310"},"modified":"2009-03-23T08:43:02","modified_gmt":"2009-03-23T07:43:02","slug":"ozapft-is","status":"publish","type":"post","link":"https:\/\/willizblog.de\/?p=1310","title":{"rendered":"&#8222;O&#8217;zapft is&#8220;!"},"content":{"rendered":"<p>Eigentlich m\u00fcssten es die Bayern wissen: Zur Wies\u2019n-Zeit gibt es f\u00fcr den FC Bayern M\u00fcnchen zu Hause \u00f6fter einmal paar <a href=\"http:\/\/de.wiktionary.org\/wiki\/Watschen\" target=\"_blank\">Watsch\u2019n<\/a>:<\/p>\n<p><object width=\"425\" height=\"344\"><param name=\"movie\" value=\"https:\/\/www.youtube.com\/v\/N6JKJswH_pw&#038;hl=de&#038;fs=1&#038;rel=0\"><\/param><param name=\"allowFullScreen\" value=\"true\"><\/param><embed src=\"https:\/\/www.youtube.com\/v\/N6JKJswH_pw&#038;hl=de&#038;fs=1&#038;rel=0\" type=\"application\/x-shockwave-flash\" allowfullscreen=\"true\" width=\"425\" height=\"344\"><\/embed><\/object><br \/>\nFC Bayern M\u00fcnchen: Die Wies&#8217;n Pleiten 1966 &#8211; 2000<\/p>\n<p>Gestern nun erlebten die Bayern gegen den SV Werder Bremen ihr Werderloo, wie ich irgendwo durchaus treffend las. Oder <a href=\"http:\/\/fussball.zdf.de\/ZDFsport\/inhalt\/10\/0,5676,7381066,00.html\" target=\"_blank\">O&#8217;zapft is: Werder schenkt den Bayern ordentlich ein.<\/a><\/p>\n<p>Dabei konnte man nach dem ersten Spieltag in der Champions League unter der Woche nach Werders magerem 0:0 gegen Anorthosis Famagusta zu Hause mit dieser Leistungssteigerung kaum rechnen.<\/p>\n<p>Ein Sieg gegen die Bayern ist immer etwas Besonderes. Ob nun zur Oktoberfestzeit oder auch sonst. Da kann man f\u00fcr Werder nur hoffen, dass es auch gegen Mannschaften wie am Dienstag im DFB-Pokal gegen den FC Erzgebirge Aue und dann am kommenden Wochenende gegen die TSG Hoffenheim erfolgreich weitergeht.<\/p>\n<p>Bilderserie bei zdf.de &#8211; <a href=\"http:\/\/www.zdf.de\/ZDFmediathek\/content\/590722?inPopup=true\" target=\"_blank\">FC Bayern: Die rot-wei\u00dfe Ratlosigkeit<\/a><\/p>\n","protected":false},"excerpt":{"rendered":"<p>Eigentlich m\u00fcssten es die Bayern wissen: Zur Wies\u2019n-Zeit gibt es f\u00fcr den FC Bayern M\u00fcnchen zu Hause \u00f6fter einmal paar Watsch\u2019n: FC Bayern M\u00fcnchen: Die Wies&#8217;n Pleiten 1966 &#8211; 2000 Gestern nun erlebten die Bayern gegen den SV Werder Bremen ihr Werderloo, wie ich irgendwo durchaus treffend las. Oder O&#8217;zapft is: Werder schenkt den Bayern &hellip; <a href=\"https:\/\/willizblog.de\/?p=1310\" class=\"more-link\"><span class=\"screen-reader-text\">&#8222;O&#8217;zapft is&#8220;!<\/span> weiterlesen <span class=\"meta-nav\">&rarr;<\/span><\/a><\/p>\n","protected":false},"author":1,"featured_media":0,"comment_status":"open","ping_status":"closed","sticky":false,"template":"","format":"standard","meta":[],"categories":[27],"tags":[],"_links":{"self":[{"href":"https:\/\/willizblog.de\/index.php?rest_route=\/wp\/v2\/posts\/1310"}],"collection":[{"href":"https:\/\/willizblog.de\/index.php?rest_route=\/wp\/v2\/posts"}],"about":[{"href":"https:\/\/willizblog.de\/index.php?rest_route=\/wp\/v2\/types\/post"}],"author":[{"embeddable":true,"href":"https:\/\/willizblog.de\/index.php?rest_route=\/wp\/v2\/users\/1"}],"replies":[{"embeddable":true,"href":"https:\/\/willizblog.de\/index.php?rest_route=%2Fwp%2Fv2%2Fcomments&post=1310"}],"version-history":[{"count":0,"href":"https:\/\/willizblog.de\/index.php?rest_route=\/wp\/v2\/posts\/1310\/revisions"}],"wp:attachment":[{"href":"https:\/\/willizblog.de\/index.php?rest_route=%2Fwp%2Fv2%2Fmedia&parent=1310"}],"wp:term":[{"taxonomy":"category","embeddable":true,"href":"https:\/\/willizblog.de\/index.php?rest_route=%2Fwp%2Fv2%2Fcategories&post=1310"},{"taxonomy":"post_tag","embeddable":true,"href":"https:\/\/willizblog.de\/index.php?rest_route=%2Fwp%2Fv2%2Ftags&post=1310"}],"curies":[{"name":"wp","href":"https:\/\/api.w.org\/{rel}","templated":true}]}}