{"id":1313,"date":"2008-09-24T00:02:29","date_gmt":"2008-09-23T22:02:29","guid":{"rendered":"http:\/\/www.willizblog.de\/?p=1313"},"modified":"2008-09-24T00:02:29","modified_gmt":"2008-09-23T22:02:29","slug":"besuch-des-kz-auschwitz-birkenau","status":"publish","type":"post","link":"https:\/\/willizblog.de\/?p=1313","title":{"rendered":"Besuch des KZ Auschwitz-Birkenau"},"content":{"rendered":"<p>An einem <a href=\"http:\/\/www.lo-lubaczow.pl\/index.php?option=com_content&#038;view=article&#038;id=141:Wymiana m?odzie?y - dzie? 9&#038;catid=1:latest-news\" target=\"_blank\">der letzten Tage des Polen-Besuchs<\/a> meines Sohnes im Rahmen des <a href=\"https:\/\/www.willizblog.de\/?p=1306\" target=\"_blank\">Sch\u00fcleraustauschs<\/a> mit dem Lizeum in der Partnergemeinde von Tostedt, Lubacz\u00f3w, besuchten die Sch\u00fcler auch das <a href=\"https:\/\/de.wikipedia.org\/wiki\/Staatliches_Museum_Auschwitz-Birkenau\" target=\"_blank\">Konzentrationslager Auschwitz-Birkenau<\/a>, dem gr\u00f6\u00dften deutschen Vernichtungslager w\u00e4hrend der Zeit des Nationalsozialismus.<\/p>\n<p>Auschwitz war ein Komplex aus mehreren deutschen Konzentrationslagern (<a href=\"https:\/\/de.wikipedia.org\/wiki\/KZ_Auschwitz\" target=\"_blank\">KZ Auschwitz<\/a>):<br \/>\n&#8211; das Stammlager Auschwitz I, siehe <a href=\"https:\/\/de.wikipedia.org\/wiki\/KZ_Auschwitz_I_(Stammlager)\" target=\"_blank\">KZ Auschwitz I (Stammlager)<\/a><br \/>\n&#8211; das Vernichtungslager Birkenau oder Konzentrationslager Auschwitz II, siehe <a href=\"https:\/\/de.wikipedia.org\/wiki\/KZ_Auschwitz-Birkenau\" target=\"_blank\">KZ Auschwitz-Birkenau<\/a><br \/>\n&#8211; das Konzentrationslager Monowitz oder Auschwitz III, siehe <a href=\"https:\/\/de.wikipedia.org\/wiki\/KZ_Auschwitz_III_Monowitz\" target=\"_blank\">KZ Auschwitz III Monowitz<\/a><\/p>\n<p>Hier einige Bilder von diesem Besuch in Auschwitz-Birkenau:<\/p>\n<table border=\"0\" cellpadding=\"5\" cellspacing=\"0\" width=\"100%\">\n<tr>\n<td width=\"50%\">\n<p align=\"center\"><img loading=\"lazy\" border=\"0\" src=\"https:\/\/www.willizblog.de\/blogpicts\/polen_auschwitz01.jpg\" alt=\"KZ Auschwitz-Birkenau - &quot;Arbeit macht frei&quot;\" width=\"270\" height=\"181\"><\/td>\n<td width=\"50%\">\n<p align=\"center\"><img loading=\"lazy\" border=\"0\" src=\"https:\/\/www.willizblog.de\/blogpicts\/polen_auschwitz02.jpg\" alt=\"KZ Auschwitz-Birkenau - &quot;Arbeit macht frei&quot;\" width=\"270\" height=\"181\"><\/td>\n<\/tr>\n<tr>\n<td width=\"50%\">\n<p align=\"center\"><img loading=\"lazy\" border=\"0\" src=\"https:\/\/www.willizblog.de\/blogpicts\/polen_auschwitz03.jpg\" alt=\"KZ Auschwitz-Birkenau - &quot;Arbeit macht frei&quot;\" width=\"270\" height=\"181\"><\/td>\n<td width=\"50%\">\n<p align=\"center\"><img loading=\"lazy\" border=\"0\" src=\"https:\/\/www.willizblog.de\/blogpicts\/polen_auschwitz04.jpg\" alt=\"KZ Auschwitz-Birkenau - &quot;Arbeit macht frei&quot;\" width=\"270\" height=\"181\"><\/td>\n<\/tr>\n<tr>\n<td width=\"100%\" colspan=\"2\">\n<p align=\"center\"><font face=\"Lucida Grande, Lucida Sans Unicode, Verdana, sans-serif\" size=\"2\">KZ Auschwitz-Birkenau<\/font><\/td>\n<\/tr>\n<tr>\n<td width=\"50%\">\n<p align=\"center\"><img loading=\"lazy\" border=\"0\" src=\"https:\/\/www.willizblog.de\/blogpicts\/polen_auschwitz05.jpg\" alt=\"KZ Auschwitz-Birkenau - &quot;Arbeit macht frei&quot;\" width=\"270\" height=\"181\"><\/td>\n<td width=\"50%\">\n<p align=\"center\"><img loading=\"lazy\" border=\"0\" src=\"https:\/\/www.willizblog.de\/blogpicts\/polen_auschwitz06.jpg\" alt=\"KZ Auschwitz-Birkenau - &quot;Arbeit macht frei&quot;\" width=\"270\" height=\"181\"><\/td>\n<\/tr>\n<\/table>\n","protected":false},"excerpt":{"rendered":"<p>An einem der letzten Tage des Polen-Besuchs meines Sohnes im Rahmen des Sch\u00fcleraustauschs mit dem Lizeum in der Partnergemeinde von Tostedt, Lubacz\u00f3w, besuchten die Sch\u00fcler auch das Konzentrationslager Auschwitz-Birkenau, dem gr\u00f6\u00dften deutschen Vernichtungslager w\u00e4hrend der Zeit des Nationalsozialismus. Auschwitz war ein Komplex aus mehreren deutschen Konzentrationslagern (KZ Auschwitz): &#8211; das Stammlager Auschwitz I, siehe KZ &hellip; <a href=\"https:\/\/willizblog.de\/?p=1313\" class=\"more-link\"><span class=\"screen-reader-text\">Besuch des KZ Auschwitz-Birkenau<\/span> weiterlesen <span class=\"meta-nav\">&rarr;<\/span><\/a><\/p>\n","protected":false},"author":1,"featured_media":0,"comment_status":"open","ping_status":"closed","sticky":false,"template":"","format":"standard","meta":[],"categories":[12,20],"tags":[],"_links":{"self":[{"href":"https:\/\/willizblog.de\/index.php?rest_route=\/wp\/v2\/posts\/1313"}],"collection":[{"href":"https:\/\/willizblog.de\/index.php?rest_route=\/wp\/v2\/posts"}],"about":[{"href":"https:\/\/willizblog.de\/index.php?rest_route=\/wp\/v2\/types\/post"}],"author":[{"embeddable":true,"href":"https:\/\/willizblog.de\/index.php?rest_route=\/wp\/v2\/users\/1"}],"replies":[{"embeddable":true,"href":"https:\/\/willizblog.de\/index.php?rest_route=%2Fwp%2Fv2%2Fcomments&post=1313"}],"version-history":[{"count":0,"href":"https:\/\/willizblog.de\/index.php?rest_route=\/wp\/v2\/posts\/1313\/revisions"}],"wp:attachment":[{"href":"https:\/\/willizblog.de\/index.php?rest_route=%2Fwp%2Fv2%2Fmedia&parent=1313"}],"wp:term":[{"taxonomy":"category","embeddable":true,"href":"https:\/\/willizblog.de\/index.php?rest_route=%2Fwp%2Fv2%2Fcategories&post=1313"},{"taxonomy":"post_tag","embeddable":true,"href":"https:\/\/willizblog.de\/index.php?rest_route=%2Fwp%2Fv2%2Ftags&post=1313"}],"curies":[{"name":"wp","href":"https:\/\/api.w.org\/{rel}","templated":true}]}}