{"id":1319,"date":"2008-09-30T00:02:53","date_gmt":"2008-09-29T22:02:53","guid":{"rendered":"http:\/\/www.willizblog.de\/?p=1319"},"modified":"2008-10-01T08:45:51","modified_gmt":"2008-10-01T06:45:51","slug":"fast-unterschlagene-beitrage-%e2%80%93-teil-10","status":"publish","type":"post","link":"https:\/\/willizblog.de\/?p=1319","title":{"rendered":"(Fast) unterschlagene Beitr\u00e4ge \u2013 Teil 10"},"content":{"rendered":"<p><a href=\"http:\/\/www.heute.de\/ZDFheute\/inhalt\/15\/0,3672,7383439,00.html\" target=\"_blank\">Vor dem R\u00fccktritt kommt der Sonderparteitag<\/a><\/p>\n<p>Das es eine Klatsche f\u00fcr die CSU bei den Landtagswahlen in Bayern werden k\u00f6nnte, damit hatten die meisten gerechnet. Aber mit gerade einmal 43,4 % der W\u00e4hlerstimmen, wohl bemerkt der abgegebenen W\u00e4hlerstimmen, sind Huber und Beckstein meilenweit vom Ziel 50 plus entfernt. Da hilft nichts, eine Koalition muss her. So will die CSU-Spitze z\u00fcgig Sondierungsgespr\u00e4che mit der FDP und den Freien W\u00e4hlern f\u00fchren.<\/p>\n<p>Und Parteichef Erwin Huber bleibt im Amt \u2013 erst mal. Aber der stellvertretende CSU-Chef und Bundesverbraucherminister Horst Seehofer steht schon in den Startl\u00f6chern. Er hat ja auch lange genug auf den Startschuss gewartet. Ein Sonderparteitag soll alles regeln.<\/p>\n<p><strong>Nachschlag:<\/strong> Nun geht es doch schneller als erwartet: <a href=\"http:\/\/www.heute.de\/ZDFheute\/inhalt\/31\/0,3672,7383647,00.html\" target=\"_blank\">Erwin Huber tritt heute als CSU-Parteichef zur\u00fcck<\/a> und macht damit Platz f\u00fcr Horst Seehofer. G\u00fcnther Beckstein soll dagegen in Amt und W\u00fcrden bleiben. Wie lange noch &#8230;<\/p>\n<p><a href=\"http:\/\/www.heute.de\/ZDFheute\/inhalt\/23\/0,3672,7382231,00.html\" target=\"_blank\">McCain als Rudi Ratlos<\/a><\/p>\n<p>Nun hat man sich zwischen US-Kongress und Regierung in Sachen <a href=\"http:\/\/www.heute.de\/ZDFheute\/inhalt\/12\/0,3672,7383212,00.html\" target=\"_blank\">Rettungsplan<\/a> f\u00fcr die US-Banken offenbar geeinigt. Aber im Vorfeld machte Pr\u00e4sidentenaspirant John McCain nach Meinung vieler Beobachter keine gute Figur. McCain h\u00fcllte sich in Schweigen und wusste schlicht und ergreifend nicht, was er tun solle. War das vielleicht schon ein erster altersbedingter Schw\u00e4cheanfall?<\/p>\n<p><strong>Nachschlag:<\/strong> Das <a href=\"http:\/\/www.heute.de\/ZDFheute\/inhalt\/6\/0,3672,7383622,00.html\" target=\"_blank\">Repr\u00e4sentantenhaus stimmt gegen<\/a> das 700 Milliarden-Dollar-Paket der Regierung. Und schon st\u00fcrzt der Aktienindex ins Bodenlose. Es sind vorallem Vertreter der Republikaner, die gegen das Hilfspaket stimmten. Bush in Not. Und f\u00fcr McCain auch kein gl\u00fccklicher Tag.<\/p>\n<p><a href=\"http:\/\/fussball.zdf.de\/ZDFsport\/inhalt\/17\/0,5676,7382737,00.html\" target=\"_blank\">Armer Klinsmann<\/a><\/p>\n<p>&#8222;Es war eine sehr unn\u00f6tige und sehr \u00e4rgerliche Niederlage. Um das Spiel umzudrehen, hat uns vieles gefehlt: Kreativit\u00e4t, Spielwitz und das Spiel ohne Ball&#8220;, \u00e4rgerte sich Bayern-Trainer J\u00fcrgen Klinsmann nach der zweiten Niederlage in Folge, jetzt bei Hannover 96.<\/p>\n<p>Und liest man in den einschl\u00e4gigen Fu\u00dfball-Foren die Fan-Kommentare, dann hat man den Buhmann f\u00fcr dieses desolate Bayernspiel l\u00e4ngst ausgemacht: Den esoterisch-schw\u00e4bischen Trainerpraktikanten aus Kalifornien, J\u00fcrgen Klinsmann.<\/p>\n<p>Wenn Bayern mehr hassen als Preu\u00dfen, dann wohl Schwaben, oder?<\/p>\n<p><strong>Nachschlag:<\/strong> Nein, Klinsmann ist weiterhin Trainer der Bayern. Aber sollte es heute Abend im <a href=\"http:\/\/fussball.zdf.de\/ZDFsport\/inhalt\/3\/0,5676,7383523,00.html\" target=\"_blank\">Champions League-Spiel gegen Olympique Lyon<\/a> nichts werden, dann wird es eng f\u00fcr unserer Ex-Bundestrainer.<\/p>\n","protected":false},"excerpt":{"rendered":"<p>Vor dem R\u00fccktritt kommt der Sonderparteitag Das es eine Klatsche f\u00fcr die CSU bei den Landtagswahlen in Bayern werden k\u00f6nnte, damit hatten die meisten gerechnet. Aber mit gerade einmal 43,4 % der W\u00e4hlerstimmen, wohl bemerkt der abgegebenen W\u00e4hlerstimmen, sind Huber und Beckstein meilenweit vom Ziel 50 plus entfernt. Da hilft nichts, eine Koalition muss her. &hellip; <a href=\"https:\/\/willizblog.de\/?p=1319\" class=\"more-link\"><span class=\"screen-reader-text\">(Fast) unterschlagene Beitr\u00e4ge \u2013 Teil 10<\/span> weiterlesen <span class=\"meta-nav\">&rarr;<\/span><\/a><\/p>\n","protected":false},"author":1,"featured_media":0,"comment_status":"open","ping_status":"closed","sticky":false,"template":"","format":"standard","meta":[],"categories":[12,4],"tags":[],"_links":{"self":[{"href":"https:\/\/willizblog.de\/index.php?rest_route=\/wp\/v2\/posts\/1319"}],"collection":[{"href":"https:\/\/willizblog.de\/index.php?rest_route=\/wp\/v2\/posts"}],"about":[{"href":"https:\/\/willizblog.de\/index.php?rest_route=\/wp\/v2\/types\/post"}],"author":[{"embeddable":true,"href":"https:\/\/willizblog.de\/index.php?rest_route=\/wp\/v2\/users\/1"}],"replies":[{"embeddable":true,"href":"https:\/\/willizblog.de\/index.php?rest_route=%2Fwp%2Fv2%2Fcomments&post=1319"}],"version-history":[{"count":0,"href":"https:\/\/willizblog.de\/index.php?rest_route=\/wp\/v2\/posts\/1319\/revisions"}],"wp:attachment":[{"href":"https:\/\/willizblog.de\/index.php?rest_route=%2Fwp%2Fv2%2Fmedia&parent=1319"}],"wp:term":[{"taxonomy":"category","embeddable":true,"href":"https:\/\/willizblog.de\/index.php?rest_route=%2Fwp%2Fv2%2Fcategories&post=1319"},{"taxonomy":"post_tag","embeddable":true,"href":"https:\/\/willizblog.de\/index.php?rest_route=%2Fwp%2Fv2%2Ftags&post=1319"}],"curies":[{"name":"wp","href":"https:\/\/api.w.org\/{rel}","templated":true}]}}