{"id":1321,"date":"2008-10-02T00:02:37","date_gmt":"2008-10-01T22:02:37","guid":{"rendered":"http:\/\/www.willizblog.de\/?p=1321"},"modified":"2008-09-30T12:37:27","modified_gmt":"2008-09-30T10:37:27","slug":"mein-lieblingsplatz-zugspitze","status":"publish","type":"post","link":"https:\/\/willizblog.de\/?p=1321","title":{"rendered":"Mein Lieblingsplatz: Zugspitze"},"content":{"rendered":"<p>Ein Lieblingsplatz zeichnet sich dadurch aus, dass man den Wunsch hegt, diesen wiederholt aufsuchen zu wollen. Neben dem <a href=\"https:\/\/www.willizblog.de\/?p=1280\" target=\"_blank\">Blick \u00fcber das \u201eewige Eis\u201c<\/a> 1990 auf <a href=\"https:\/\/www.albinz.net\/island.html\" target=\"_blank\">Island<\/a> gilt mir der Blick auf Deutschlands gr\u00f6\u00dften Berg, die Zugspitze, als besonders faszinierend. Nicht umsonst bin ich mit meinen Lieben nach 2002 ein weiteres Mal im letzten Jahr in den kleinen malerischen Ort <a href=\"https:\/\/www.albinz.net\/grainau.html\" target=\"_blank\">Grainau<\/a> in Urlaub gefahren, um den Blick auf diesen Berg zu genie\u00dfen. Nat\u00fcrlich ist es nicht allein dieser Berg, der eine Reise in die Alpen lohnenswert macht. Es ist diese Komposition aus Bergwelt, Seenlandschaft und sattem Gr\u00fcn der Weiden und W\u00e4lder, die nicht nur mich anzieht.<\/p>\n<table border=\"0\" cellspacing=\"0\" cellpadding=\"5\" width=\"100%\">\n<tbody>\n<tr>\n<td width=\"100%\">\n<p align=\"center\"><a href=\"https:\/\/www.albinz.net\/models\/grainau01.jpg\" target=\"_blank\"><img loading=\"lazy\" src=\"https:\/\/www.albinz.net\/models\/grainau01k.jpg\" border=\"0\" alt=\"'Alpengl\u00fchen' - Waxensteine und Zugspitze\" width=\"247\" height=\"165\" \/><\/a><\/p>\n<\/td>\n<\/tr>\n<tr>\n<td width=\"100%\">\n<p align=\"center\"><span style=\"font-size: x-small; font-family: Lucida Grande, Lucida Sans Unicode, Verdana, sans-serif;\">&#8218;Alpengl\u00fchen&#8216; &#8211; Waxensteine und Zugspitze (2002)<\/span><\/p>\n<\/td>\n<\/tr>\n<tr>\n<td width=\"100%\">\n<p align=\"center\"><img loading=\"lazy\" src=\"https:\/\/www.willizblog.de\/blogpicts\/zugspitze_2007.jpg\" border=\"0\" alt=\"Zugspitze 2007\" width=\"540\" height=\"271\" \/><\/p>\n<\/td>\n<\/tr>\n<tr>\n<td width=\"100%\">\n<p align=\"center\"><span style=\"font-size: x-small; font-family: Lucida Grande, Lucida Sans Unicode, Verdana, sans-serif;\">Zugspitze 2007<\/span><\/p>\n<\/td>\n<\/tr>\n<\/tbody>\n<\/table>\n<p>Und ich bin gespannt, wie sich diese Landschaft im Winter zeigt. Bei unseren bescheidenen Winterzeiten in Norddeutschland, mehr mit Matsch als mit Schnee, muss es eine Wohltat f\u00fcr die Sinne sein, eine nahezu unber\u00fchrte Schneelandschaft zu schauen. Wenn es vielleicht in diesem Jahr noch nichts wird, so werden wir in einem der n\u00e4chsten Winter den Weg nach Grainau und damit zur Zugspitze finden. Ich freue mich schon darauf!<\/p>\n","protected":false},"excerpt":{"rendered":"<p>Ein Lieblingsplatz zeichnet sich dadurch aus, dass man den Wunsch hegt, diesen wiederholt aufsuchen zu wollen. Neben dem Blick \u00fcber das \u201eewige Eis\u201c 1990 auf Island gilt mir der Blick auf Deutschlands gr\u00f6\u00dften Berg, die Zugspitze, als besonders faszinierend. Nicht umsonst bin ich mit meinen Lieben nach 2002 ein weiteres Mal im letzten Jahr in &hellip; <a href=\"https:\/\/willizblog.de\/?p=1321\" class=\"more-link\"><span class=\"screen-reader-text\">Mein Lieblingsplatz: Zugspitze<\/span> weiterlesen <span class=\"meta-nav\">&rarr;<\/span><\/a><\/p>\n","protected":false},"author":1,"featured_media":0,"comment_status":"open","ping_status":"closed","sticky":false,"template":"","format":"standard","meta":[],"categories":[10,20],"tags":[],"_links":{"self":[{"href":"https:\/\/willizblog.de\/index.php?rest_route=\/wp\/v2\/posts\/1321"}],"collection":[{"href":"https:\/\/willizblog.de\/index.php?rest_route=\/wp\/v2\/posts"}],"about":[{"href":"https:\/\/willizblog.de\/index.php?rest_route=\/wp\/v2\/types\/post"}],"author":[{"embeddable":true,"href":"https:\/\/willizblog.de\/index.php?rest_route=\/wp\/v2\/users\/1"}],"replies":[{"embeddable":true,"href":"https:\/\/willizblog.de\/index.php?rest_route=%2Fwp%2Fv2%2Fcomments&post=1321"}],"version-history":[{"count":0,"href":"https:\/\/willizblog.de\/index.php?rest_route=\/wp\/v2\/posts\/1321\/revisions"}],"wp:attachment":[{"href":"https:\/\/willizblog.de\/index.php?rest_route=%2Fwp%2Fv2%2Fmedia&parent=1321"}],"wp:term":[{"taxonomy":"category","embeddable":true,"href":"https:\/\/willizblog.de\/index.php?rest_route=%2Fwp%2Fv2%2Fcategories&post=1321"},{"taxonomy":"post_tag","embeddable":true,"href":"https:\/\/willizblog.de\/index.php?rest_route=%2Fwp%2Fv2%2Ftags&post=1321"}],"curies":[{"name":"wp","href":"https:\/\/api.w.org\/{rel}","templated":true}]}}